{"id":28,"date":"2005-06-12T22:00:58","date_gmt":"2005-06-12T20:00:58","guid":{"rendered":"http:\/\/www.westerwaldverein-daaden.de\/blog\/2005\/06\/12\/wochenwanderung-im-harz\/"},"modified":"2007-03-05T09:40:36","modified_gmt":"2007-03-05T08:40:36","slug":"wochenwanderung-im-harz","status":"publish","type":"post","link":"http:\/\/www.westerwaldverein-daaden.de\/blog\/2005\/06\/12\/wochenwanderung-im-harz\/","title":{"rendered":"Wochenwanderung im Harz"},"content":{"rendered":"<p>Vom 5. bis 12. Juni 2005 war der Westerwald-Verein Daaden wieder auf gro\u00dfer Tour.<\/p>\n<p>Martin Schmidt hatte f\u00fcr die Wanderer f\u00fcnf Wanderungen im sch\u00f6nen Harz ausgesucht und f\u00fcr die Nichtwanderer einige interessante Busfahrten unter F\u00fchrung eines ortsans\u00e4ssigen Reiseleiters organisiert.<\/p>\n<p><!--more-->Standort war Braunlage, wo in einem guten Hotel f\u00fcr eine Woche Unterkunft bezogen wurde. Von hier aus wurden jeweils mit dem Bus der Firma Knautz, der f\u00fcr die ganze Woche zur Verf\u00fcgung stand, die jeweiligen Ausgangs- und Zielorte angefahren.<\/p>\n<p align=\"center\"><img decoding=\"async\" src=\"http:\/\/www.westerwaldverein-daaden.de\/blog\/wp-content\/wwv_braunlage_2005_40.jpg\" alt=\"Braunlage\" \/><br \/>Aufstieg zur &#8222;Achtermannsh\u00f6he&#8220;. Es war kalt und kein Ausblick.<br \/>Beim Aufstieg zum &#8222;Wurmberg&#8220; war jedoch die Sicht dann gut.<\/p>\n<p>W\u00e4hrend die Wanderer insgesamt zirka 85 Km bei f\u00fcnf sch\u00f6nen Tageswanderungen zur\u00fccklegten, sahen sich die Busreisenden im sch\u00f6nen Harz um. Goslar, Quendlinburg und Stolberg waren nur drei Ziele, die auf dem Reiseplan standen.<\/p>\n<p align=\"center\"><img decoding=\"async\" src=\"http:\/\/www.westerwaldverein-daaden.de\/blog\/wp-content\/wwv_braunlage_2005_41.jpg\" alt=\"Braunlage\" \/><br \/>Gemeinsamer Ausflug nach Quedlinburg, einer sch\u00f6nen Fachwerkstadt am nord\u00f6stlichen Harz<\/p>\n<p align=\"center\"><img decoding=\"async\" src=\"http:\/\/www.westerwaldverein-daaden.de\/blog\/wp-content\/wwv_braunlage_2005_43.jpg\" alt=\"Braunlage\" \/><\/p>\n<p align=\"center\"><img decoding=\"async\" src=\"http:\/\/www.westerwaldverein-daaden.de\/blog\/wp-content\/wwv_braunlage_2005_44.jpg\" alt=\"Braunlage\" \/><\/p>\n<p align=\"center\"><img decoding=\"async\" src=\"http:\/\/www.westerwaldverein-daaden.de\/blog\/wp-content\/wwv_braunlage_2005_45.jpg\" alt=\"Braunlage\" \/><\/p>\n<p>Obwohl es am Wochenanfang noch manchmal kalt und diesig war, konnte man doch von gutem Wanderwetter reden. Besonders beim Aufstieg auf den Brocken hatte der Wettergott es gut mit uns gemeint. Bei sch\u00f6nstem Wetter und guter Fernsicht wurde es ein sch\u00f6ner Wandertag. <\/p>\n<p align=\"center\"><img decoding=\"async\" src=\"http:\/\/www.westerwaldverein-daaden.de\/blog\/wp-content\/wwv_braunlage_2005_46.jpg\" alt=\"Braunlage\" \/><br \/>Beim Aufstieg zum Brocken musste auch mal Rast gemacht werden.<\/p>\n<p align=\"center\"><img decoding=\"async\" src=\"http:\/\/www.westerwaldverein-daaden.de\/blog\/wp-content\/wwv_braunlage_2005_47.jpg\" alt=\"Braunlage\" \/><\/p>\n<p>Vielleicht hatte hier die Brockenhexe ihre Hand im Spiel, wurde sie doch von unserem Wanderf\u00fchrer, Martin Schmidt, oben auf dem Gipfel ganz herzlich begr\u00fc\u00dft und in den Arm genommen.<\/p>\n<p align=\"center\"><img decoding=\"async\" src=\"http:\/\/www.westerwaldverein-daaden.de\/blog\/wp-content\/wwv_braunlage_2005_50.jpg\" alt=\"Brockenhexe\" \/><br \/>Unser Wanderf\u00fchrer, Martin Schmidt, hat auch prompt die &#8222;Brockenhexe&#8220; in den Arm genommen<\/p>\n<p align=\"center\"><img decoding=\"async\" src=\"http:\/\/www.westerwaldverein-daaden.de\/blog\/wp-content\/wwv_braunlage_2005_51.jpg\" alt=\"Brockenhexe\" \/><br \/>Die Wandergruppe des WWV-Daaden mit der &#8222;Brockenhexe&#8220; auf dem Brocken-Rundwanderweg<\/p>\n","protected":false},"excerpt":{"rendered":"<p>Vom 5. bis 12. Juni 2005 war der Westerwald-Verein Daaden wieder auf gro\u00dfer Tour. Martin Schmidt hatte f\u00fcr die Wanderer f\u00fcnf Wanderungen im sch\u00f6nen Harz ausgesucht und f\u00fcr die Nichtwanderer einige interessante Busfahrten unter F\u00fchrung eines ortsans\u00e4ssigen Reiseleiters organisiert.<\/p>\n","protected":false},"author":2,"featured_media":0,"comment_status":"closed","ping_status":"closed","sticky":false,"template":"","format":"standard","meta":{"footnotes":""},"categories":[5],"tags":[],"class_list":["post-28","post","type-post","status-publish","format-standard","hentry","category-wanderungen"],"_links":{"self":[{"href":"http:\/\/www.westerwaldverein-daaden.de\/blog\/wp-json\/wp\/v2\/posts\/28","targetHints":{"allow":["GET"]}}],"collection":[{"href":"http:\/\/www.westerwaldverein-daaden.de\/blog\/wp-json\/wp\/v2\/posts"}],"about":[{"href":"http:\/\/www.westerwaldverein-daaden.de\/blog\/wp-json\/wp\/v2\/types\/post"}],"author":[{"embeddable":true,"href":"http:\/\/www.westerwaldverein-daaden.de\/blog\/wp-json\/wp\/v2\/users\/2"}],"replies":[{"embeddable":true,"href":"http:\/\/www.westerwaldverein-daaden.de\/blog\/wp-json\/wp\/v2\/comments?post=28"}],"version-history":[{"count":0,"href":"http:\/\/www.westerwaldverein-daaden.de\/blog\/wp-json\/wp\/v2\/posts\/28\/revisions"}],"wp:attachment":[{"href":"http:\/\/www.westerwaldverein-daaden.de\/blog\/wp-json\/wp\/v2\/media?parent=28"}],"wp:term":[{"taxonomy":"category","embeddable":true,"href":"http:\/\/www.westerwaldverein-daaden.de\/blog\/wp-json\/wp\/v2\/categories?post=28"},{"taxonomy":"post_tag","embeddable":true,"href":"http:\/\/www.westerwaldverein-daaden.de\/blog\/wp-json\/wp\/v2\/tags?post=28"}],"curies":[{"name":"wp","href":"https:\/\/api.w.org\/{rel}","templated":true}]}}