{"id":282,"date":"2009-09-07T09:33:07","date_gmt":"2009-09-07T07:33:07","guid":{"rendered":"http:\/\/www.westerwaldverein-daaden.de\/blog\/?p=282"},"modified":"2009-09-07T09:34:27","modified_gmt":"2009-09-07T07:34:27","slug":"wanderwoche-in-sudtirol","status":"publish","type":"post","link":"http:\/\/www.westerwaldverein-daaden.de\/blog\/2009\/09\/07\/wanderwoche-in-sudtirol\/","title":{"rendered":"Wanderwoche in S\u00fcdtirol"},"content":{"rendered":"<p><strong>Wanderer verbrachten eine erlebnisreich Woche im hei\u00dfen S\u00fcdtirol mit vielen Wanderungen.<\/strong><\/p>\n<p>Ziel der Daadener Wanderfreunde war bei der diesj\u00e4hrigen Wochenwanderung das sch\u00f6ne S\u00fcdtirol. In Oberlana im Etschtal, an der Zufahrtsstra\u00dfe zum Gampenpass wurde Quartier genommen und von hier aus ging es mit dem Reisebus zu den verschiedenen Startpunkten der Wanderrouten. <\/p>\n<p><!--more-->Eine erste Wanderung f\u00fchrte am Montag von T\u00f6ll aus \u00fcber den 13 Kilometer langen Marlinger Waalweg und wieder zur\u00fcck nach Oberlana bis zum Hotel. Herrliche Ausblicke \u00fcber das Etschtal und \u00fcber Meran hin\u00fcber zum markanten Gipfel des Ifinger und ins Tal der Passer, begeisterten die Wanderer. Rechts und links des Wanderweges immer wieder Apfelb\u00e4ume und Weinreben.  Apfelb\u00e4ume soweit man sehen konnte und viele, viele sch\u00f6ne Fotomotive machten den ebenen Weg interessant und abwechslungsreich. Aber man bekam auch einen ersten Eindruck, welche Temperaturen im Hochsommer hier im Etschtal und in Meran herrschen.<\/p>\n<div class=\"center\"><img loading=\"lazy\" decoding=\"async\" src=\"http:\/\/www.westerwaldverein-daaden.de\/blog\/wp-content\/uploads\/2009\/09\/sued_tirol_2009_1.jpg\" alt=\"sued_tirol_2009_1\" title=\"sued_tirol_2009_1\" width=\"400\" height=\"300\" class=\"alignnone size-full wp-image-283\" srcset=\"http:\/\/www.westerwaldverein-daaden.de\/blog\/wp-content\/uploads\/2009\/09\/sued_tirol_2009_1.jpg 400w, http:\/\/www.westerwaldverein-daaden.de\/blog\/wp-content\/uploads\/2009\/09\/sued_tirol_2009_1-300x225.jpg 300w\" sizes=\"auto, (max-width: 400px) 100vw, 400px\" \/><br \/><small>Einstieg zum Marlinger Waalweg<\/small><\/div>\n<p><\/p>\n<div class=\"center\"><img loading=\"lazy\" decoding=\"async\" src=\"http:\/\/www.westerwaldverein-daaden.de\/blog\/wp-content\/uploads\/2009\/09\/sued_tirol_2009_2.jpg\" alt=\"sued_tirol_2009_2\" title=\"sued_tirol_2009_2\" width=\"400\" height=\"300\" class=\"alignnone size-full wp-image-284\" srcset=\"http:\/\/www.westerwaldverein-daaden.de\/blog\/wp-content\/uploads\/2009\/09\/sued_tirol_2009_2.jpg 400w, http:\/\/www.westerwaldverein-daaden.de\/blog\/wp-content\/uploads\/2009\/09\/sued_tirol_2009_2-300x225.jpg 300w\" sizes=\"auto, (max-width: 400px) 100vw, 400px\" \/><br \/><small>R\u00fcckkehr nach Lana<\/small><\/div>\n<p>Am zweiten Tag waren zwei Wanderungen im Schnalstal vorgesehen, wobei sich hier die Wanderer in 2 Gruppen teilten und unterschiedlich anstrengende Wanderungen unternahmen. W\u00e4hrend eine Gruppe um den Vernagt-Stausee wanderte, ging es f\u00fcr die anderen gleich steil bergauf \u00fcber zirka 12 Kilometer bis zur \u201eKurz Ras\u201c, der  Talstation der Seilbahnen, die hoch hinauf bis ins Sommerskigebiet der \u00d6tztaler Alpen f\u00fchren. Hier werden u.a. auch gef\u00fchrte Wanderungen zur Fundstelle des \u201e\u00d6tzi\u201c angeboten.<\/p>\n<div class=\"center\"><img loading=\"lazy\" decoding=\"async\" src=\"http:\/\/www.westerwaldverein-daaden.de\/blog\/wp-content\/uploads\/2009\/09\/sued_tirol_2009_3.jpg\" alt=\"sued_tirol_2009_3\" title=\"sued_tirol_2009_3\" width=\"300\" height=\"400\" class=\"alignnone size-full wp-image-285\" srcset=\"http:\/\/www.westerwaldverein-daaden.de\/blog\/wp-content\/uploads\/2009\/09\/sued_tirol_2009_3.jpg 300w, http:\/\/www.westerwaldverein-daaden.de\/blog\/wp-content\/uploads\/2009\/09\/sued_tirol_2009_3-225x300.jpg 225w\" sizes=\"auto, (max-width: 300px) 100vw, 300px\" \/><br \/><small>Wandergruppe auf der H\u00e4ngebr\u00fccke am Vernagt-Stausee<\/small><\/div>\n<p>Eine Fahrt in die Dolomiten zum Karersee, \u00fcbers Sellajoch, Gr\u00f6dnerjoch und nach Wolkenstein, wo eine l\u00e4ngere Kaffeepause Gelegenheit gab, den sch\u00f6nen Ort n\u00e4her kennen zu lernen, war der Programmpunkt f\u00fcr alle am Mittwoch.<\/p>\n<div class=\"center\"><img loading=\"lazy\" decoding=\"async\" src=\"http:\/\/www.westerwaldverein-daaden.de\/blog\/wp-content\/uploads\/2009\/09\/sued_tirol_2009_4.jpg\" alt=\"sued_tirol_2009_4\" title=\"sued_tirol_2009_4\" width=\"400\" height=\"300\" class=\"alignnone size-full wp-image-286\" srcset=\"http:\/\/www.westerwaldverein-daaden.de\/blog\/wp-content\/uploads\/2009\/09\/sued_tirol_2009_4.jpg 400w, http:\/\/www.westerwaldverein-daaden.de\/blog\/wp-content\/uploads\/2009\/09\/sued_tirol_2009_4-300x225.jpg 300w\" sizes=\"auto, (max-width: 400px) 100vw, 400px\" \/><br \/><small>Bergpanorama vom Gr\u00f6dnerjoch aus gesehen<\/small><\/div>\n<p>Am Donnerstag wurde der Schnalstaler Waalweg erwandert, der hoch oben am Schloss von Bergsteiger Reinhold Meesmer vorbei f\u00fchrt. Am Freitag fuhr eine Gruppe dann mit der Seilbahn auf \u201eMeran 2000\u201c und wanderte zur Kesselbergh\u00fctte bzw. zur \u201eKuhleitenh\u00fctte\u201c, w\u00e4hrend  zehn Leute von Dorf Tirol mit der Seilbahn zum Hochmuter hinauffuhren und hier wanderten. Mit in der Gondel die mutigen Drachenflieger, die sich von hier oben in die L\u00fcfte schwingen und den Beobachter ein sch\u00f6nes Bild boten.<\/p>\n<p>An diesen beiden letzten Tagen hatte sich dann aber einige Leute der Reisegruppe selbst\u00e4ndig gemacht, um Meran , Dorf Tirol oder Schenna zu erkunden. <\/p>\n<p>Am Samstag wurde dann die R\u00fcckreise angetreten und alle sind wieder wohlbehalten im Daadener Land angekommen.<\/p>\n","protected":false},"excerpt":{"rendered":"<p>Wanderer verbrachten eine erlebnisreich Woche im hei\u00dfen S\u00fcdtirol mit vielen Wanderungen. Ziel der Daadener Wanderfreunde war bei der diesj\u00e4hrigen Wochenwanderung das sch\u00f6ne S\u00fcdtirol. In Oberlana im Etschtal, an der Zufahrtsstra\u00dfe zum Gampenpass wurde Quartier genommen und von hier aus ging es mit dem Reisebus zu den verschiedenen Startpunkten der Wanderrouten.<\/p>\n","protected":false},"author":2,"featured_media":0,"comment_status":"closed","ping_status":"closed","sticky":false,"template":"","format":"standard","meta":{"footnotes":""},"categories":[5],"tags":[],"class_list":["post-282","post","type-post","status-publish","format-standard","hentry","category-wanderungen"],"_links":{"self":[{"href":"http:\/\/www.westerwaldverein-daaden.de\/blog\/wp-json\/wp\/v2\/posts\/282","targetHints":{"allow":["GET"]}}],"collection":[{"href":"http:\/\/www.westerwaldverein-daaden.de\/blog\/wp-json\/wp\/v2\/posts"}],"about":[{"href":"http:\/\/www.westerwaldverein-daaden.de\/blog\/wp-json\/wp\/v2\/types\/post"}],"author":[{"embeddable":true,"href":"http:\/\/www.westerwaldverein-daaden.de\/blog\/wp-json\/wp\/v2\/users\/2"}],"replies":[{"embeddable":true,"href":"http:\/\/www.westerwaldverein-daaden.de\/blog\/wp-json\/wp\/v2\/comments?post=282"}],"version-history":[{"count":2,"href":"http:\/\/www.westerwaldverein-daaden.de\/blog\/wp-json\/wp\/v2\/posts\/282\/revisions"}],"predecessor-version":[{"id":288,"href":"http:\/\/www.westerwaldverein-daaden.de\/blog\/wp-json\/wp\/v2\/posts\/282\/revisions\/288"}],"wp:attachment":[{"href":"http:\/\/www.westerwaldverein-daaden.de\/blog\/wp-json\/wp\/v2\/media?parent=282"}],"wp:term":[{"taxonomy":"category","embeddable":true,"href":"http:\/\/www.westerwaldverein-daaden.de\/blog\/wp-json\/wp\/v2\/categories?post=282"},{"taxonomy":"post_tag","embeddable":true,"href":"http:\/\/www.westerwaldverein-daaden.de\/blog\/wp-json\/wp\/v2\/tags?post=282"}],"curies":[{"name":"wp","href":"https:\/\/api.w.org\/{rel}","templated":true}]}}