{"id":2866,"date":"2016-12-21T11:06:03","date_gmt":"2016-12-21T10:06:03","guid":{"rendered":"http:\/\/www.westerwaldverein-daaden.de\/blog\/?p=2866"},"modified":"2016-12-21T11:10:51","modified_gmt":"2016-12-21T10:10:51","slug":"frohe-weihnachten-und-gutes-neues-jahr-2017","status":"publish","type":"post","link":"http:\/\/www.westerwaldverein-daaden.de\/blog\/2016\/12\/21\/frohe-weihnachten-und-gutes-neues-jahr-2017\/","title":{"rendered":"Frohe Weihnachten und gutes neues Jahr 2017"},"content":{"rendered":"<p>Ein gesegnetes Weihnachtsfest, sowie ein gutes und gesundes neues Jahr 2017 allen Mitgliedern und Freunden des Westerwald-Vereins Daaden. <\/p>\n<div class=\"center\"><img loading=\"lazy\" decoding=\"async\" src=\"http:\/\/www.westerwaldverein-daaden.de\/blog\/wp-content\/uploads\/2016\/12\/weihnacht2017.jpg\" alt=\"weihnacht2017\" width=\"400\" height=\"300\" class=\"alignnone size-full wp-image-2867\" \/><\/div>\n<p>Der Vorstand und die Wanderf\u00fchrer bedanken sich f\u00fcr die rege Beteiligung an den zahlreichen Wanderungen in diesem Jahr. Sie w\u00fcnschen sich f\u00fcr das neue Jahr, dass wieder viele Wanderfreunde die    Wanderangebote  wahrnehmen, viel Spa\u00df dabei haben und gesund ankommen. <\/p>\n","protected":false},"excerpt":{"rendered":"<p>Ein gesegnetes Weihnachtsfest, sowie ein gutes und gesundes neues Jahr 2017 allen Mitgliedern und Freunden des Westerwald-Vereins Daaden. Der Vorstand und die Wanderf\u00fchrer bedanken sich f\u00fcr die rege Beteiligung an den zahlreichen Wanderungen in diesem Jahr. Sie w\u00fcnschen sich f\u00fcr das neue Jahr, dass wieder viele Wanderfreunde die Wanderangebote wahrnehmen, viel Spa\u00df dabei haben und [&hellip;]<\/p>\n","protected":false},"author":2,"featured_media":0,"comment_status":"closed","ping_status":"closed","sticky":false,"template":"","format":"standard","meta":{"footnotes":""},"categories":[1],"tags":[],"class_list":["post-2866","post","type-post","status-publish","format-standard","hentry","category-allgemein"],"_links":{"self":[{"href":"http:\/\/www.westerwaldverein-daaden.de\/blog\/wp-json\/wp\/v2\/posts\/2866","targetHints":{"allow":["GET"]}}],"collection":[{"href":"http:\/\/www.westerwaldverein-daaden.de\/blog\/wp-json\/wp\/v2\/posts"}],"about":[{"href":"http:\/\/www.westerwaldverein-daaden.de\/blog\/wp-json\/wp\/v2\/types\/post"}],"author":[{"embeddable":true,"href":"http:\/\/www.westerwaldverein-daaden.de\/blog\/wp-json\/wp\/v2\/users\/2"}],"replies":[{"embeddable":true,"href":"http:\/\/www.westerwaldverein-daaden.de\/blog\/wp-json\/wp\/v2\/comments?post=2866"}],"version-history":[{"count":3,"href":"http:\/\/www.westerwaldverein-daaden.de\/blog\/wp-json\/wp\/v2\/posts\/2866\/revisions"}],"predecessor-version":[{"id":2871,"href":"http:\/\/www.westerwaldverein-daaden.de\/blog\/wp-json\/wp\/v2\/posts\/2866\/revisions\/2871"}],"wp:attachment":[{"href":"http:\/\/www.westerwaldverein-daaden.de\/blog\/wp-json\/wp\/v2\/media?parent=2866"}],"wp:term":[{"taxonomy":"category","embeddable":true,"href":"http:\/\/www.westerwaldverein-daaden.de\/blog\/wp-json\/wp\/v2\/categories?post=2866"},{"taxonomy":"post_tag","embeddable":true,"href":"http:\/\/www.westerwaldverein-daaden.de\/blog\/wp-json\/wp\/v2\/tags?post=2866"}],"curies":[{"name":"wp","href":"https:\/\/api.w.org\/{rel}","templated":true}]}}