{"id":2872,"date":"2016-12-29T10:00:37","date_gmt":"2016-12-29T09:00:37","guid":{"rendered":"http:\/\/www.westerwaldverein-daaden.de\/blog\/?p=2872"},"modified":"2017-01-02T15:52:51","modified_gmt":"2017-01-02T14:52:51","slug":"mit-fackeln-auf-den-silberberg","status":"publish","type":"post","link":"http:\/\/www.westerwaldverein-daaden.de\/blog\/2016\/12\/29\/mit-fackeln-auf-den-silberberg\/","title":{"rendered":"Mit Fackeln auf den Silberberg"},"content":{"rendered":"<p><strong>Gro\u00dfe Beteiligung an der Fackelwanderung zwischen den Jahren<\/strong><\/p>\n<div class=\"center\"><a href=\"http:\/\/www.westerwaldverein-daaden.de\/blog\/wp-content\/uploads\/2016\/12\/fackelwanderung_2016_01.jpg\" data-rel=\"lightbox-gallery-18xumqZB\" data-rl_title=\"\" data-rl_caption=\"\" title=\"\"><img loading=\"lazy\" decoding=\"async\" src=\"http:\/\/www.westerwaldverein-daaden.de\/blog\/wp-content\/uploads\/2016\/12\/fackelwanderung_2016_01-400x265.jpg\" alt=\"fackelwanderung_2016_01\" width=\"400\" height=\"265\" class=\"alignnone size-medium wp-image-2881\" srcset=\"http:\/\/www.westerwaldverein-daaden.de\/blog\/wp-content\/uploads\/2016\/12\/fackelwanderung_2016_01-400x265.jpg 400w, http:\/\/www.westerwaldverein-daaden.de\/blog\/wp-content\/uploads\/2016\/12\/fackelwanderung_2016_01-768x509.jpg 768w, http:\/\/www.westerwaldverein-daaden.de\/blog\/wp-content\/uploads\/2016\/12\/fackelwanderung_2016_01.jpg 800w\" sizes=\"auto, (max-width: 400px) 100vw, 400px\" \/><\/a><br \/><small>(Zum Vergr\u00f6\u00dfern bitte anklicken)<\/small><\/div>\n<p><!--more-->Auch in diesem Jahr hatte der Westerwald-Verein Daaden wieder Kinder mit ihren Eltern und auch den Gro\u00dfeltern zu einer Fackelwanderung eingeladen. Der Einladung waren bei sch\u00f6nem Wanderwetter diesmal besonders viele Kinder gefolgt. Mehr als 20 Kinder und immerhin fast 30 Erwachsene nahmen am Startplatz an der Volksbank ihre Fackel, die vom Westerwald-Verein gestellt war, entgegen und zogen hoch zum Silberberg. <\/p>\n<p>Wenn diese Fackeln auch anfangs noch keine gro\u00dfe Leuchtkraft erzeugen konnten, so bot sich doch sp\u00e4testens bei Einbruch der Dunkelheit und somit beim zweiten Gruppenbild oben am Silberberg ein sehr sch\u00f6nes Bild der frohgelaunten Wandergruppe. Den herrlichen Ausblick \u00fcber den beleuchteten Ortskern von Daaden konnte man von dort ebenfalls genie\u00dfen. Einige der Wanderer waren an diesen Aussichtspunkt noch nicht gewesen und waren besonders begeistert \u00fcber die sch\u00f6ne Aussicht \u00fcber Daaden. <\/p>\n<div class=\"center\"><a href=\"http:\/\/www.westerwaldverein-daaden.de\/blog\/wp-content\/uploads\/2016\/12\/fackelwanderung_2016_02.jpg\" data-rel=\"lightbox-gallery-18xumqZB\" data-rl_title=\"\" data-rl_caption=\"\" title=\"\"><img loading=\"lazy\" decoding=\"async\" src=\"http:\/\/www.westerwaldverein-daaden.de\/blog\/wp-content\/uploads\/2016\/12\/fackelwanderung_2016_02-400x265.jpg\" alt=\"fackelwanderung_2016_02\" width=\"400\" height=\"265\" class=\"alignnone size-medium wp-image-2882\" srcset=\"http:\/\/www.westerwaldverein-daaden.de\/blog\/wp-content\/uploads\/2016\/12\/fackelwanderung_2016_02-400x265.jpg 400w, http:\/\/www.westerwaldverein-daaden.de\/blog\/wp-content\/uploads\/2016\/12\/fackelwanderung_2016_02-768x509.jpg 768w, http:\/\/www.westerwaldverein-daaden.de\/blog\/wp-content\/uploads\/2016\/12\/fackelwanderung_2016_02.jpg 800w\" sizes=\"auto, (max-width: 400px) 100vw, 400px\" \/><\/a><br \/><small>(Zum Vergr\u00f6\u00dfern bitte anklicken)<\/small><\/div>\n<p>Auch Anton Zoubek aus Wiesbaden, mit 8 Jahren das j\u00fcngste Mitglied des Vereins, war mit seinen Eltern  und seinem Gro\u00dfvater mit dabei. Auch sie waren alle von der sch\u00f6nen Fackelwanderung begeistert. F\u00fcr unterwegs hatte Wanderf\u00fchrer Gerhard G\u00f6rg auch f\u00fcr die n\u00f6tige Wegzehrung gesorgt. Somit konnten die Kinder immer wieder in die Kiste mit den S\u00fc\u00dfigkeiten greifen.  Der R\u00fcckweg f\u00fchrte dann die Wanderer \u00fcber den Weg Reuschew\u00e4ldchen und H\u00fcttenweg direkt zum Gasthof Daadetal, womit dann rund 3 Kilometer geschafft waren. <\/p>\n<p>Gemeinsam und gem\u00fctlich lie\u00dfen alle den Tag ausklingen. F\u00fcr die Erwachsenen gab es Gl\u00fchwein, f\u00fcr die Kinder nat\u00fcrlich andere alkoholfreie Getr\u00e4nke und als \u00dcberraschung einen Donut. Seit vielen Jahren hat der Westerwald-Verein Daaden nun schon eine Fackelwanderung zum Jahresende in seinem Wanderprogramm, und stets findet diese gro\u00dfen Anklang. <\/p>\n","protected":false},"excerpt":{"rendered":"<p>Gro\u00dfe Beteiligung an der Fackelwanderung zwischen den Jahren (Zum Vergr\u00f6\u00dfern bitte anklicken)<\/p>\n","protected":false},"author":2,"featured_media":0,"comment_status":"closed","ping_status":"closed","sticky":false,"template":"","format":"standard","meta":{"footnotes":""},"categories":[5],"tags":[],"class_list":["post-2872","post","type-post","status-publish","format-standard","hentry","category-wanderungen"],"_links":{"self":[{"href":"http:\/\/www.westerwaldverein-daaden.de\/blog\/wp-json\/wp\/v2\/posts\/2872","targetHints":{"allow":["GET"]}}],"collection":[{"href":"http:\/\/www.westerwaldverein-daaden.de\/blog\/wp-json\/wp\/v2\/posts"}],"about":[{"href":"http:\/\/www.westerwaldverein-daaden.de\/blog\/wp-json\/wp\/v2\/types\/post"}],"author":[{"embeddable":true,"href":"http:\/\/www.westerwaldverein-daaden.de\/blog\/wp-json\/wp\/v2\/users\/2"}],"replies":[{"embeddable":true,"href":"http:\/\/www.westerwaldverein-daaden.de\/blog\/wp-json\/wp\/v2\/comments?post=2872"}],"version-history":[{"count":3,"href":"http:\/\/www.westerwaldverein-daaden.de\/blog\/wp-json\/wp\/v2\/posts\/2872\/revisions"}],"predecessor-version":[{"id":2886,"href":"http:\/\/www.westerwaldverein-daaden.de\/blog\/wp-json\/wp\/v2\/posts\/2872\/revisions\/2886"}],"wp:attachment":[{"href":"http:\/\/www.westerwaldverein-daaden.de\/blog\/wp-json\/wp\/v2\/media?parent=2872"}],"wp:term":[{"taxonomy":"category","embeddable":true,"href":"http:\/\/www.westerwaldverein-daaden.de\/blog\/wp-json\/wp\/v2\/categories?post=2872"},{"taxonomy":"post_tag","embeddable":true,"href":"http:\/\/www.westerwaldverein-daaden.de\/blog\/wp-json\/wp\/v2\/tags?post=2872"}],"curies":[{"name":"wp","href":"https:\/\/api.w.org\/{rel}","templated":true}]}}