{"id":2892,"date":"2017-01-10T15:00:38","date_gmt":"2017-01-10T14:00:38","guid":{"rendered":"http:\/\/www.westerwaldverein-daaden.de\/blog\/?p=2892"},"modified":"2017-01-10T15:45:51","modified_gmt":"2017-01-10T14:45:51","slug":"westerwald-verein-daaden-startet-in-die-wandersaison-2017","status":"publish","type":"post","link":"http:\/\/www.westerwaldverein-daaden.de\/blog\/2017\/01\/10\/westerwald-verein-daaden-startet-in-die-wandersaison-2017\/","title":{"rendered":"Westerwald-Verein Daaden startet in die Wandersaison 2017"},"content":{"rendered":"<p>Mit einer Halbtageswanderung haben 15 Daadener Wanderfreunde die Wandersaison im neuen Jahr er\u00f6ffnet. Wanderf\u00fchrer Martin Schmidt f\u00fchrte die Wanderer hinauf zur H\u00fcllbuche und weiter \u00fcber den Hellerh\u00f6henweg bis zum Bahnhof in Gr\u00fcnebach.<\/p>\n<div class=\"center\"><a href=\"http:\/\/www.westerwaldverein-daaden.de\/blog\/wp-content\/uploads\/2017\/01\/saisoneroeffnung_2017.jpg\" data-rel=\"lightbox-gallery-XX9NeALT\" data-rl_title=\"\" data-rl_caption=\"\" title=\"\"><img loading=\"lazy\" decoding=\"async\" src=\"http:\/\/www.westerwaldverein-daaden.de\/blog\/wp-content\/uploads\/2017\/01\/saisoneroeffnung_2017-400x265.jpg\" alt=\"saisoneroeffnung_2017\" width=\"400\" height=\"265\" class=\"alignnone size-medium wp-image-2893\" srcset=\"http:\/\/www.westerwaldverein-daaden.de\/blog\/wp-content\/uploads\/2017\/01\/saisoneroeffnung_2017-400x265.jpg 400w, http:\/\/www.westerwaldverein-daaden.de\/blog\/wp-content\/uploads\/2017\/01\/saisoneroeffnung_2017-768x509.jpg 768w, http:\/\/www.westerwaldverein-daaden.de\/blog\/wp-content\/uploads\/2017\/01\/saisoneroeffnung_2017.jpg 800w\" sizes=\"auto, (max-width: 400px) 100vw, 400px\" \/><\/a><br \/><small>(Zum Vergr\u00f6\u00dfern bitte anklicken)<\/small><\/div>\n<p><!--more-->Wenn auch die Sonne diesmal nicht pr\u00e4sent war, so konnten die Wanderer doch immer eine sch\u00f6ne Winterlandschaft genie\u00dfen. Immer auf der H\u00f6he verlaufend, ohne gro\u00dfe Steigungen, f\u00fchrte die Route \u00fcber die Landstra\u00dfe an der \u201eHerdorfer H\u00f6he\u201c und die sogen. \u201eHachenburger H\u00f6he\u201c bis zu dem Weg, der Biersdorf und Herdorf direkt verbindet. Hier in der N\u00e4he, unmittelbar an der Weggabelung ist seit vielen Jahren eine kleine Anlage mit einem Kreuz eingerichtet, die zum Verweilen einl\u00e4dt und die auch heute immer noch gut gepflegt ist. <\/p>\n<p>An der alten Grenzeiche zweigte dann der Wanderweg in Richtung Gr\u00fcnebach ab. War der Wanderweg bis Gr\u00fcnebach noch gut zu begehen, so wurde es f\u00fcr die Wandergruppe bei einsetzendem Nieselregen zum Schluss schwierig und teils gef\u00e4hrlich, da die Nebenstra\u00dfen bis zum Bahnhof \u00e4u\u00dferst glatt waren. Doch alle Wanderer kamen p\u00fcnktlich und heil am Haltepunkt Alsdorf an. Nach mehr als 10 Kilometer Wanderung ging es dann mit dem Zug zur\u00fcck nach Daaden. Es war ein gelungener Start in das neue Wanderjahr!<\/p>\n","protected":false},"excerpt":{"rendered":"<p>Mit einer Halbtageswanderung haben 15 Daadener Wanderfreunde die Wandersaison im neuen Jahr er\u00f6ffnet. Wanderf\u00fchrer Martin Schmidt f\u00fchrte die Wanderer hinauf zur H\u00fcllbuche und weiter \u00fcber den Hellerh\u00f6henweg bis zum Bahnhof in Gr\u00fcnebach. (Zum Vergr\u00f6\u00dfern bitte anklicken)<\/p>\n","protected":false},"author":2,"featured_media":0,"comment_status":"closed","ping_status":"closed","sticky":false,"template":"","format":"standard","meta":{"footnotes":""},"categories":[5],"tags":[],"class_list":["post-2892","post","type-post","status-publish","format-standard","hentry","category-wanderungen"],"_links":{"self":[{"href":"http:\/\/www.westerwaldverein-daaden.de\/blog\/wp-json\/wp\/v2\/posts\/2892","targetHints":{"allow":["GET"]}}],"collection":[{"href":"http:\/\/www.westerwaldverein-daaden.de\/blog\/wp-json\/wp\/v2\/posts"}],"about":[{"href":"http:\/\/www.westerwaldverein-daaden.de\/blog\/wp-json\/wp\/v2\/types\/post"}],"author":[{"embeddable":true,"href":"http:\/\/www.westerwaldverein-daaden.de\/blog\/wp-json\/wp\/v2\/users\/2"}],"replies":[{"embeddable":true,"href":"http:\/\/www.westerwaldverein-daaden.de\/blog\/wp-json\/wp\/v2\/comments?post=2892"}],"version-history":[{"count":2,"href":"http:\/\/www.westerwaldverein-daaden.de\/blog\/wp-json\/wp\/v2\/posts\/2892\/revisions"}],"predecessor-version":[{"id":2895,"href":"http:\/\/www.westerwaldverein-daaden.de\/blog\/wp-json\/wp\/v2\/posts\/2892\/revisions\/2895"}],"wp:attachment":[{"href":"http:\/\/www.westerwaldverein-daaden.de\/blog\/wp-json\/wp\/v2\/media?parent=2892"}],"wp:term":[{"taxonomy":"category","embeddable":true,"href":"http:\/\/www.westerwaldverein-daaden.de\/blog\/wp-json\/wp\/v2\/categories?post=2892"},{"taxonomy":"post_tag","embeddable":true,"href":"http:\/\/www.westerwaldverein-daaden.de\/blog\/wp-json\/wp\/v2\/tags?post=2892"}],"curies":[{"name":"wp","href":"https:\/\/api.w.org\/{rel}","templated":true}]}}