{"id":2905,"date":"2017-02-18T12:33:29","date_gmt":"2017-02-18T11:33:29","guid":{"rendered":"http:\/\/www.westerwaldverein-daaden.de\/blog\/?p=2905"},"modified":"2017-02-18T12:34:52","modified_gmt":"2017-02-18T11:34:52","slug":"daadener-wanderfreunde-wandern-auf-dem-hohen-westerwald","status":"publish","type":"post","link":"http:\/\/www.westerwaldverein-daaden.de\/blog\/2017\/02\/18\/daadener-wanderfreunde-wandern-auf-dem-hohen-westerwald\/","title":{"rendered":"Daadener Wanderfreunde wandern auf dem hohen Westerwald"},"content":{"rendered":"<p>Im Winter wei\u00df man nie was der Wettergott den Wanderern an Wanderwetter bereitstellt, besonders auf dem hohen Westerwald in der Region um die Fuchskaute. Bei der letzten Wanderung mit Martin Schmidt im Bereich der kleinen Breitenbachtalsperre, hatte der Wettergott es aber gut gemeint. Es waren fast 30 Wanderer, die bei sch\u00f6nstem Wanderwetter und bester Weitsicht die rund 8 Kilometer bei einer Halbtageswanderung erwandert haben. <\/p>\n<div class=\"center\"><a href=\"http:\/\/www.westerwaldverein-daaden.de\/blog\/wp-content\/uploads\/2017\/02\/fuchskaute_2017.jpg\" data-rel=\"lightbox-gallery-1JuOg2m9\" data-rl_title=\"\" data-rl_caption=\"\" title=\"\"><img loading=\"lazy\" decoding=\"async\" src=\"http:\/\/www.westerwaldverein-daaden.de\/blog\/wp-content\/uploads\/2017\/02\/fuchskaute_2017-400x265.jpg\" alt=\"\" width=\"400\" height=\"265\" class=\"alignnone size-medium wp-image-2906\" srcset=\"http:\/\/www.westerwaldverein-daaden.de\/blog\/wp-content\/uploads\/2017\/02\/fuchskaute_2017-400x265.jpg 400w, http:\/\/www.westerwaldverein-daaden.de\/blog\/wp-content\/uploads\/2017\/02\/fuchskaute_2017-768x509.jpg 768w, http:\/\/www.westerwaldverein-daaden.de\/blog\/wp-content\/uploads\/2017\/02\/fuchskaute_2017.jpg 800w\" sizes=\"auto, (max-width: 400px) 100vw, 400px\" \/><\/a><br \/><small>(Zum Vergr\u00f6\u00dfern bitte anklicken)<\/small><\/div>\n<p><!--more-->Die Rundtour, die in Emmerichenhain begann, von dort zur kleinen Breitenbachtalsperre f\u00fchrte, erlaubte immer wieder sch\u00f6ne Ausblicke \u00fcber die H\u00f6hen des Westerwaldes. Im Blick waren auch st\u00e4ndig die zahlreichen Windr\u00e4der, die nahe der Fuchskaute stehen. Ein kalter Wind sorgte daf\u00fcr, dass sich die Rotoren m\u00e4chtig drehten, dass aber auch den Wanderer nicht so schnell warm wurde. Viel Schnee war zwar nicht mehr vorhanden, nur einzelne Schneereste waren noch zu erkennen. Doch ein sch\u00f6nes St\u00fcck Westerw\u00e4lder Landschaft konnten die Wanderer an diesem Tag erleben.^<\/p>\n<p>Ganz anders war es bei der Wanderung, die Michael Bender eine Woche zuvor in gleicher Region im Bereich um die Fuchskaute gef\u00fchrt hatte. Die 18 Teilnehmer der Wanderung mussten sich bei Regen durch den Restschnee auf den H\u00f6hen k\u00e4mpfen. Tauwetter hatte 3 Tage zuvor eingesetzt und die  Wanderung war so wegen der schlechten Beschaffenheit der Wege sehr beschwerlich und wurde auch deshalb auf 7 Kilometer gek\u00fcrzt. Die Einkehr zur Schlussrast bei Kaffee und Kuchen im Restaurant auf der Fuchskaute entsch\u00e4digte die Wanderfreunde dann aber f\u00fcr das schlechte Wetter. <\/p>\n","protected":false},"excerpt":{"rendered":"<p>Im Winter wei\u00df man nie was der Wettergott den Wanderern an Wanderwetter bereitstellt, besonders auf dem hohen Westerwald in der Region um die Fuchskaute. Bei der letzten Wanderung mit Martin Schmidt im Bereich der kleinen Breitenbachtalsperre, hatte der Wettergott es aber gut gemeint. Es waren fast 30 Wanderer, die bei sch\u00f6nstem Wanderwetter und bester Weitsicht [&hellip;]<\/p>\n","protected":false},"author":2,"featured_media":0,"comment_status":"closed","ping_status":"closed","sticky":false,"template":"","format":"standard","meta":{"footnotes":""},"categories":[5],"tags":[],"class_list":["post-2905","post","type-post","status-publish","format-standard","hentry","category-wanderungen"],"_links":{"self":[{"href":"http:\/\/www.westerwaldverein-daaden.de\/blog\/wp-json\/wp\/v2\/posts\/2905","targetHints":{"allow":["GET"]}}],"collection":[{"href":"http:\/\/www.westerwaldverein-daaden.de\/blog\/wp-json\/wp\/v2\/posts"}],"about":[{"href":"http:\/\/www.westerwaldverein-daaden.de\/blog\/wp-json\/wp\/v2\/types\/post"}],"author":[{"embeddable":true,"href":"http:\/\/www.westerwaldverein-daaden.de\/blog\/wp-json\/wp\/v2\/users\/2"}],"replies":[{"embeddable":true,"href":"http:\/\/www.westerwaldverein-daaden.de\/blog\/wp-json\/wp\/v2\/comments?post=2905"}],"version-history":[{"count":2,"href":"http:\/\/www.westerwaldverein-daaden.de\/blog\/wp-json\/wp\/v2\/posts\/2905\/revisions"}],"predecessor-version":[{"id":2908,"href":"http:\/\/www.westerwaldverein-daaden.de\/blog\/wp-json\/wp\/v2\/posts\/2905\/revisions\/2908"}],"wp:attachment":[{"href":"http:\/\/www.westerwaldverein-daaden.de\/blog\/wp-json\/wp\/v2\/media?parent=2905"}],"wp:term":[{"taxonomy":"category","embeddable":true,"href":"http:\/\/www.westerwaldverein-daaden.de\/blog\/wp-json\/wp\/v2\/categories?post=2905"},{"taxonomy":"post_tag","embeddable":true,"href":"http:\/\/www.westerwaldverein-daaden.de\/blog\/wp-json\/wp\/v2\/tags?post=2905"}],"curies":[{"name":"wp","href":"https:\/\/api.w.org\/{rel}","templated":true}]}}