{"id":2925,"date":"2017-03-13T14:00:22","date_gmt":"2017-03-13T13:00:22","guid":{"rendered":"http:\/\/www.westerwaldverein-daaden.de\/blog\/?p=2925"},"modified":"2017-03-21T14:59:21","modified_gmt":"2017-03-21T13:59:21","slug":"jahreshauptversammlung-des-westerwald-vereins-daaden","status":"publish","type":"post","link":"http:\/\/www.westerwaldverein-daaden.de\/blog\/2017\/03\/13\/jahreshauptversammlung-des-westerwald-vereins-daaden\/","title":{"rendered":"Jahreshauptversammlung des Westerwald Vereins Daaden"},"content":{"rendered":"<p><strong>Daadener Wander- und Heimatfreunde zogen positive Bilanz f\u00fcr 2016<\/strong><\/p>\n<p>Eine positive Bilanz konnten die Verantwortlichen des Zweigvereins Daaden bei der diesj\u00e4hrigen Hauptversammlung im Gasthof Koch-Wagner ziehen. So waren die absoluten Zahlen der an den Wanderungen beteiligten Wanderfreunde noch einmal gegen\u00fcber dem Vorjahr gestiegen, so der Vorsitzende Martin Schmidt. Allerdings hatte sich eine Verschiebung zu den Seniorenwanderungen ergeben, die wie bekannt nur nachmittags stattfinden und nur h\u00f6chstens bis 8 Kilometer lang sind. <\/p>\n<p><!--more-->Auch bei den Sonderveranstaltungen, wie z.B. den Busfahrten zum Panabora-Park mit seinem Baumwipfelpfad in Waldbr\u00f6hl und an den Rhein, wo gewandert und geklettert wurde und wo eine andere Gruppe es eher gem\u00fctlich bei einer Schifffahrt anging, war die Teilnahme gro\u00df. <\/p>\n<p>Der Familiennachmittag mit dem Waldgottesdienst war wie in jedem Jahr wieder Ziel vieler Besucher, wenn auch diesmal das Wetter diesmal nicht ganz optimal war. Auch fand der Dia-Vortrag im November wieder gro\u00dfes Interesse.<\/p>\n<p>Vorsitzender Martin Schmidt, der den Bericht des Wanderwartes Karlheinz Sturm vortrug, war sehr zufrieden mit dem Verlauf des Jahres und auch dem Engagement der Mitglieder im vergangenen Jahr. Er dankte allen Helfern f\u00fcr ihren Einsatz im Westerwald-Verein. Denn jede Wanderung, jede Radtour und nat\u00fcrlich alle anderen Veranstaltungen bed\u00fcrfen der besten Vorbereitung, wenn sie gut gelingen sollen. <\/p>\n<p>Anschlie\u00dfend berichteten die einzelnen Fachwarte \u00fcber ihre Spezialbereiche, wie z.B. Gehard G\u00f6rg \u00fcber die Wegearbeit (Pr\u00fcfung und Wartung der Markierungszeichen), Michael Bender \u00fcber Naturschutz, hier stand der Stegskopf besonders im Blickpunkt.<\/p>\n<p>Ulrich Meyer als Sprecher des Arbeitskreises \u201eHeimatgeschichte Daadener Land\u201c, berichtete von den umfangreichen Aktivit\u00e4ten, wie z.B. der Herausgabe der Chronik von Derschen durch Volker Rosenkranz, eines weiteren Geschichtsbriefes und des Heimatkalenders 2017, der fortlaufenden Archivierung interessanter und wichtiger Dokumente, sowie der Mineralien- der und Bilderausstellungen im vergangenen Jahr. <\/p>\n<p>Beim Ausblick auf 2017 war die Vorbereitung der umfassenden Chronik \u00fcber Daaden mit der Herausgabe zur 800 Jahrfeier 2019, die Anbringung von Schildern mit Zusatzinformationen zu den Stra\u00dfenschildern und eine Veranstaltung zum Thema \u201e500 Jahre Reformation \u2013 Geschichte der Reformation im Daadener Land\u201c, ein wesentlicher Schwerpunkt seiner Ausf\u00fchrungen. Ulrich Meyer konnte auch dar\u00fcber berichten, dass Dieter Jung als neuer Museumsleiter des Heimatmuseums Daaden eingesetzt ist. Er und mit ihm auch alle Verantwortlichen des Westerwald-Vereins Daaden e.V. dankten Dieter Jung f\u00fcr seine Bereitschaft, da somit der Fortbestand einer guten Zusammenarbeit zwischen Heimatmuseum und Arbeitskreis gew\u00e4hrleistet ist. <\/p>\n<p>Dieter Jung, legte danach in seiner Funktion als Kassenwart und Schatzmeister seinen Kassenbericht vor, der dem Westerwald-Verein auch einen guten finanziellen Zustand bescheinigt und im Bericht der Kassenpr\u00fcfer als hervorragend gef\u00fchrt und somit als unbeanstandet best\u00e4tigt wurde. <\/p>\n<div class=\"center\"><img loading=\"lazy\" decoding=\"async\" src=\"http:\/\/www.westerwaldverein-daaden.de\/blog\/wp-content\/uploads\/2017\/03\/jhv_2017_1.jpg\" alt=\"\" width=\"400\" height=\"300\" class=\"alignnone size-full wp-image-2926\" \/><\/div>\n<p>Ein besonderer Punkt einer Jahreshauptversammlung jedes Vereins ist immer die Ehrung langj\u00e4hriger Mitglieder. So konnte der Westerwald-Verein Daaden auch diesmal zwei seiner Mitglieder ehren: J\u00f6rg Schreiber f\u00fcr 25 Jahre (er war leider verhindert) und Frau Dorothea Sitte f\u00fcr 40 Jahre Mitgliedschaft. Ihr wurde als Dank ein Blumengeschenk \u00fcberreicht. <\/p>\n<p>Im Anschluss an den offiziellen Teil wurde dann das Essen serviert, was auch allen wieder gut geschmeckt hat. Danach begann der gem\u00fctliche Teil des Abends. Entgegen den Vorjahren waren diesmal leider doch weniger Mitglieder und Freunde gekommen. Doch die rund 35 Wanderfreunde hatten sich viel zu erz\u00e4hlen und somit war es eine gelungene Veranstaltung. <\/p>\n","protected":false},"excerpt":{"rendered":"<p>Daadener Wander- und Heimatfreunde zogen positive Bilanz f\u00fcr 2016 Eine positive Bilanz konnten die Verantwortlichen des Zweigvereins Daaden bei der diesj\u00e4hrigen Hauptversammlung im Gasthof Koch-Wagner ziehen. So waren die absoluten Zahlen der an den Wanderungen beteiligten Wanderfreunde noch einmal gegen\u00fcber dem Vorjahr gestiegen, so der Vorsitzende Martin Schmidt. Allerdings hatte sich eine Verschiebung zu den [&hellip;]<\/p>\n","protected":false},"author":2,"featured_media":0,"comment_status":"closed","ping_status":"closed","sticky":false,"template":"","format":"standard","meta":{"footnotes":""},"categories":[1],"tags":[],"class_list":["post-2925","post","type-post","status-publish","format-standard","hentry","category-allgemein"],"_links":{"self":[{"href":"http:\/\/www.westerwaldverein-daaden.de\/blog\/wp-json\/wp\/v2\/posts\/2925","targetHints":{"allow":["GET"]}}],"collection":[{"href":"http:\/\/www.westerwaldverein-daaden.de\/blog\/wp-json\/wp\/v2\/posts"}],"about":[{"href":"http:\/\/www.westerwaldverein-daaden.de\/blog\/wp-json\/wp\/v2\/types\/post"}],"author":[{"embeddable":true,"href":"http:\/\/www.westerwaldverein-daaden.de\/blog\/wp-json\/wp\/v2\/users\/2"}],"replies":[{"embeddable":true,"href":"http:\/\/www.westerwaldverein-daaden.de\/blog\/wp-json\/wp\/v2\/comments?post=2925"}],"version-history":[{"count":1,"href":"http:\/\/www.westerwaldverein-daaden.de\/blog\/wp-json\/wp\/v2\/posts\/2925\/revisions"}],"predecessor-version":[{"id":2927,"href":"http:\/\/www.westerwaldverein-daaden.de\/blog\/wp-json\/wp\/v2\/posts\/2925\/revisions\/2927"}],"wp:attachment":[{"href":"http:\/\/www.westerwaldverein-daaden.de\/blog\/wp-json\/wp\/v2\/media?parent=2925"}],"wp:term":[{"taxonomy":"category","embeddable":true,"href":"http:\/\/www.westerwaldverein-daaden.de\/blog\/wp-json\/wp\/v2\/categories?post=2925"},{"taxonomy":"post_tag","embeddable":true,"href":"http:\/\/www.westerwaldverein-daaden.de\/blog\/wp-json\/wp\/v2\/tags?post=2925"}],"curies":[{"name":"wp","href":"https:\/\/api.w.org\/{rel}","templated":true}]}}