{"id":293,"date":"2009-09-20T20:00:56","date_gmt":"2009-09-20T18:00:56","guid":{"rendered":"http:\/\/www.westerwaldverein-daaden.de\/blog\/?p=293"},"modified":"2009-09-22T07:46:27","modified_gmt":"2009-09-22T05:46:27","slug":"halbtagswanderung-zur-daadequelle","status":"publish","type":"post","link":"http:\/\/www.westerwaldverein-daaden.de\/blog\/2009\/09\/20\/halbtagswanderung-zur-daadequelle\/","title":{"rendered":"Halbtagswanderung zur Daadequelle"},"content":{"rendered":"<p><strong>Wanderung auf dem Stegskopf hatte guten Zuspruch und endete mit feinen Grillspezialit\u00e4ten sowie Kaffee und Kuchen an der Skih\u00fctte.<\/strong><\/p>\n<p>Wenn eine Wanderung auf dem Stegskopf angesagt ist, kommen viele Wanderfreunde um die Gelegenheit zu nutzen, die sch\u00f6ne Fernsicht von der zweith\u00f6chsten Erhebung des sch\u00f6nen Westerwaldes zu genie\u00dfen.<\/p>\n<p><!--more--><\/p>\n<div class=\"center\"><img loading=\"lazy\" decoding=\"async\" src=\"http:\/\/www.westerwaldverein-daaden.de\/blog\/wp-content\/uploads\/2009\/09\/wwv_wanderung_20090920_2k.jpg\" alt=\"wwv_wanderung_20090920_2k\" title=\"wwv_wanderung_20090920_2k\" width=\"400\" height=\"300\" class=\"alignnone size-full wp-image-294\" srcset=\"http:\/\/www.westerwaldverein-daaden.de\/blog\/wp-content\/uploads\/2009\/09\/wwv_wanderung_20090920_2k.jpg 400w, http:\/\/www.westerwaldverein-daaden.de\/blog\/wp-content\/uploads\/2009\/09\/wwv_wanderung_20090920_2k-300x225.jpg 300w\" sizes=\"auto, (max-width: 400px) 100vw, 400px\" \/><\/div>\n<p>So war es auch am vergangenen Samstag. Der Westerwald-Verein Daaden hatte eine Halbtagswanderung auf dem Stegskopf geplant und erhielt auch die Genehmigung, im Sperrgebiet des Truppen\u00fcbungsplatzes Stegskopf zu wandern. Alle mussten sich in einer Liste eintragen und wurden verpflichtet, nicht vom Weg abzuweichen. Das war eine wichtige Voraussetzung f\u00fcr die Genehmigung und so blieben alle Wanderfreunde dicht zusammen auf dem zirka 7 Kilometer langen Wanderweg.<\/p>\n<div class=\"center\"><img loading=\"lazy\" decoding=\"async\" src=\"http:\/\/www.westerwaldverein-daaden.de\/blog\/wp-content\/uploads\/2009\/09\/wwv_wanderung_20090920_1k.jpg\" alt=\"wwv_wanderung_20090920_1k\" title=\"wwv_wanderung_20090920_1k\" width=\"400\" height=\"300\" class=\"alignnone size-full wp-image-295\" srcset=\"http:\/\/www.westerwaldverein-daaden.de\/blog\/wp-content\/uploads\/2009\/09\/wwv_wanderung_20090920_1k.jpg 400w, http:\/\/www.westerwaldverein-daaden.de\/blog\/wp-content\/uploads\/2009\/09\/wwv_wanderung_20090920_1k-300x225.jpg 300w\" sizes=\"auto, (max-width: 400px) 100vw, 400px\" \/><\/div>\n<p>Von der Skih\u00fctte Emmerzhausen f\u00fchrte der Weg hinab an die Landesstra\u00dfe zur anderen Talseite und dann wieder hinauf zur Platzrandstra\u00dfe, vorbei am ehemaligen \u201eBong\u00b4schen Mahlwerk\u201c und weiter hinauf zum H\u00f6llenkopf. Vom westlichen Eingang zum Lager Stegskopf musste die Wandergruppe dann die Zufahrtsstra\u00dfe zur\u00fccklaufen und traf nach etwas mehr als 2 Stunden wieder an der Skih\u00fctte ein. Vorher wurde aber die Daadequelle, B\u00fcrger des Daadener Landes vielleicht besser unter dem Namen \u201eSonnenscheins B\u00f6rnchen \u201e bekannt, besichtigt. <\/p>\n<div class=\"center\"><img loading=\"lazy\" decoding=\"async\" src=\"http:\/\/www.westerwaldverein-daaden.de\/blog\/wp-content\/uploads\/2009\/09\/wwv_wanderung_20090920_3k.jpg\" alt=\"wwv_wanderung_20090920_3k\" title=\"wwv_wanderung_20090920_3k\" width=\"400\" height=\"300\" class=\"alignnone size-full wp-image-296\" srcset=\"http:\/\/www.westerwaldverein-daaden.de\/blog\/wp-content\/uploads\/2009\/09\/wwv_wanderung_20090920_3k.jpg 400w, http:\/\/www.westerwaldverein-daaden.de\/blog\/wp-content\/uploads\/2009\/09\/wwv_wanderung_20090920_3k-300x225.jpg 300w\" sizes=\"auto, (max-width: 400px) 100vw, 400px\" \/><\/div>\n<p>Nur ein fingerdicker Auslauf an der Quellfassung weckte besonders bei den mitwandernden Kindern Zweifel daran, ob es sich wirklich um den Daadebach handele. Den Ausf\u00fchrungen auf der Infotafel, die Wanderf\u00fchrer Walter Lenz vorlas, schenkte man dann aber Glauben. Seinerzeit hatte Kommandant Spelsberg die Quelle neu fassen lassen und der Westerwald-Verein Daaden hatte diese Infotafel beigesteuert.<br \/>\nAls gelungenen Abschluss konnte man auch diesmal wieder die Schlussrast an der Skih\u00fctte bezeichnen. Manfred Hermann hatte mit seinem Team wieder viel Leckeres auf dem Grill zubereitet und anschlie\u00dfend gab es auch noch Kaffee und Kuchen. So kann man Stammgast bei den Emmerzh\u00e4usern Gastgebern werden, war eine von vielen positiven Bemerkungen.<\/p>\n<p><small>(Fotos: Michael Bender)<\/small><\/p>\n","protected":false},"excerpt":{"rendered":"<p>Wanderung auf dem Stegskopf hatte guten Zuspruch und endete mit feinen Grillspezialit\u00e4ten sowie Kaffee und Kuchen an der Skih\u00fctte. Wenn eine Wanderung auf dem Stegskopf angesagt ist, kommen viele Wanderfreunde um die Gelegenheit zu nutzen, die sch\u00f6ne Fernsicht von der zweith\u00f6chsten Erhebung des sch\u00f6nen Westerwaldes zu genie\u00dfen.<\/p>\n","protected":false},"author":2,"featured_media":0,"comment_status":"closed","ping_status":"closed","sticky":false,"template":"","format":"standard","meta":{"footnotes":""},"categories":[5],"tags":[],"class_list":["post-293","post","type-post","status-publish","format-standard","hentry","category-wanderungen"],"_links":{"self":[{"href":"http:\/\/www.westerwaldverein-daaden.de\/blog\/wp-json\/wp\/v2\/posts\/293","targetHints":{"allow":["GET"]}}],"collection":[{"href":"http:\/\/www.westerwaldverein-daaden.de\/blog\/wp-json\/wp\/v2\/posts"}],"about":[{"href":"http:\/\/www.westerwaldverein-daaden.de\/blog\/wp-json\/wp\/v2\/types\/post"}],"author":[{"embeddable":true,"href":"http:\/\/www.westerwaldverein-daaden.de\/blog\/wp-json\/wp\/v2\/users\/2"}],"replies":[{"embeddable":true,"href":"http:\/\/www.westerwaldverein-daaden.de\/blog\/wp-json\/wp\/v2\/comments?post=293"}],"version-history":[{"count":4,"href":"http:\/\/www.westerwaldverein-daaden.de\/blog\/wp-json\/wp\/v2\/posts\/293\/revisions"}],"predecessor-version":[{"id":300,"href":"http:\/\/www.westerwaldverein-daaden.de\/blog\/wp-json\/wp\/v2\/posts\/293\/revisions\/300"}],"wp:attachment":[{"href":"http:\/\/www.westerwaldverein-daaden.de\/blog\/wp-json\/wp\/v2\/media?parent=293"}],"wp:term":[{"taxonomy":"category","embeddable":true,"href":"http:\/\/www.westerwaldverein-daaden.de\/blog\/wp-json\/wp\/v2\/categories?post=293"},{"taxonomy":"post_tag","embeddable":true,"href":"http:\/\/www.westerwaldverein-daaden.de\/blog\/wp-json\/wp\/v2\/tags?post=293"}],"curies":[{"name":"wp","href":"https:\/\/api.w.org\/{rel}","templated":true}]}}