{"id":304,"date":"2009-09-30T16:28:10","date_gmt":"2009-09-30T14:28:10","guid":{"rendered":"http:\/\/www.westerwaldverein-daaden.de\/blog\/?p=304"},"modified":"2011-06-18T14:42:03","modified_gmt":"2011-06-18T12:42:03","slug":"sterntreffen-2010-am-12-september-in-daaden","status":"publish","type":"post","link":"http:\/\/www.westerwaldverein-daaden.de\/blog\/2009\/09\/30\/sterntreffen-2010-am-12-september-in-daaden\/","title":{"rendered":"Sterntreffen 2010 am 12. September in Daaden"},"content":{"rendered":"<p>Wir m\u00f6chten schon jetzt sehr zeitig auf des Sterntreffen des Westerwald-Vereins hinweisen, das 2010 vom Zweigverein Daaden durchgef\u00fchrt wird.<\/p>\n<p>Zu diesem j\u00e4hrlich stattfindendem Sterntreffen treffen sich Wanderinnen und Wanderer  aus dem gesamten  Westerwald und den angrenzenden Regionen, ja aus fast allen der rund 45 Zweigvereinen, um gemeinsam zu wandern, zu feiern und sich in Gespr\u00e4chen auszutauschen.<\/p>\n<p>Da der WWV Daaden bereits im Jahr 2000 ein Sterntreffen durchgef\u00fchrt hat, wird nach den damals gemachten Erfahrungen mit bis zu 400 Wanderer gerechnet. In Daaden werden dann am Sonntag, dem 12. September 2010 wieder viele Wanderfreunden anzutreffen sein. Die G\u00e4ste werden \u00fcberwiegend mit dem PKW anreisen. Somit wird auch der Parkplatz (Festplatz) sicher voll in Anspruch genommen werden.<\/p>\n<p>Treffpunkt f\u00fcr die Wanderer wird morgens fr\u00fch der \u201eFontenay-le-Fleury-Platz sein. Von hier werden alle Wanderungen in die verschiedenen Richtungen starten  und \u00fcber Mittag werden dann nach und nach alle Wanderer wieder am B\u00fcrgerhaus eintreffen.<\/p>\n<p>Angeboten werden 5 bis 6 unterschiedlich lange Wanderungen, darunter  z. B. auch eine Wanderung auf dem Panoramaweg, eine naturkundliche Wanderung und eine F\u00fchrung durch den Daadener Ortskern. \u00dcber Mittag und nat\u00fcrlich nachmittags wird im B\u00fcrgerhaus Daaden ein sicher sch\u00f6nes und abwechslungsreiches Rahmenprogramm angeboten. Mit der Wimpel\u00fcbergabe endet dann ungef\u00e4hr um 17.00 Uhr das Sterntreffen.<\/p>\n<p><strong>In einigen Pressever\u00f6ffentlichungen ist der 05.09.2010 als Termin angegeben. Dieser Termin wurde um 1 Woche auf den 12.&nbsp;September 2010 verschoben.<\/strong><\/p>\n","protected":false},"excerpt":{"rendered":"<p>Wir m\u00f6chten schon jetzt sehr zeitig auf des Sterntreffen des Westerwald-Vereins hinweisen, das 2010 vom Zweigverein Daaden durchgef\u00fchrt wird. Zu diesem j\u00e4hrlich stattfindendem Sterntreffen treffen sich Wanderinnen und Wanderer aus dem gesamten Westerwald und den angrenzenden Regionen, ja aus fast allen der rund 45 Zweigvereinen, um gemeinsam zu wandern, zu feiern und sich in Gespr\u00e4chen [&hellip;]<\/p>\n","protected":false},"author":2,"featured_media":0,"comment_status":"closed","ping_status":"closed","sticky":false,"template":"","format":"standard","meta":{"footnotes":""},"categories":[1],"tags":[],"class_list":["post-304","post","type-post","status-publish","format-standard","hentry","category-allgemein"],"_links":{"self":[{"href":"http:\/\/www.westerwaldverein-daaden.de\/blog\/wp-json\/wp\/v2\/posts\/304","targetHints":{"allow":["GET"]}}],"collection":[{"href":"http:\/\/www.westerwaldverein-daaden.de\/blog\/wp-json\/wp\/v2\/posts"}],"about":[{"href":"http:\/\/www.westerwaldverein-daaden.de\/blog\/wp-json\/wp\/v2\/types\/post"}],"author":[{"embeddable":true,"href":"http:\/\/www.westerwaldverein-daaden.de\/blog\/wp-json\/wp\/v2\/users\/2"}],"replies":[{"embeddable":true,"href":"http:\/\/www.westerwaldverein-daaden.de\/blog\/wp-json\/wp\/v2\/comments?post=304"}],"version-history":[{"count":3,"href":"http:\/\/www.westerwaldverein-daaden.de\/blog\/wp-json\/wp\/v2\/posts\/304\/revisions"}],"predecessor-version":[{"id":1261,"href":"http:\/\/www.westerwaldverein-daaden.de\/blog\/wp-json\/wp\/v2\/posts\/304\/revisions\/1261"}],"wp:attachment":[{"href":"http:\/\/www.westerwaldverein-daaden.de\/blog\/wp-json\/wp\/v2\/media?parent=304"}],"wp:term":[{"taxonomy":"category","embeddable":true,"href":"http:\/\/www.westerwaldverein-daaden.de\/blog\/wp-json\/wp\/v2\/categories?post=304"},{"taxonomy":"post_tag","embeddable":true,"href":"http:\/\/www.westerwaldverein-daaden.de\/blog\/wp-json\/wp\/v2\/tags?post=304"}],"curies":[{"name":"wp","href":"https:\/\/api.w.org\/{rel}","templated":true}]}}