{"id":326,"date":"2009-11-20T17:11:16","date_gmt":"2009-11-20T15:11:16","guid":{"rendered":"http:\/\/www.westerwaldverein-daaden.de\/blog\/?p=326"},"modified":"2009-12-17T21:29:17","modified_gmt":"2009-12-17T19:29:17","slug":"bildervortrag-fand-groses-echo","status":"publish","type":"post","link":"http:\/\/www.westerwaldverein-daaden.de\/blog\/2009\/11\/20\/bildervortrag-fand-groses-echo\/","title":{"rendered":"Bildervortrag fand gro\u00dfes Echo"},"content":{"rendered":"<p>Mehr als 200 Besucher waren zum Bildervortrag  <strong>\u201eDaaden und Umgebung \u2013 Wie es fr\u00fcher war\u201c<\/strong> ins evangelische Gemeindehaus gekommen. Ulrich Meyer hatte eine Bilderschau mit vielen alten Fotos zusammen gestellt, die wohl ganz den Geschmack der Zuschauer gefunden hatten. Dies konnte man jedenfalls aus dem Beifall am Ende des Vortrags schlie\u00dfen. <\/p>\n<p><!--more-->Alte Fotos aus den letzten Jahrzehnten des 19.Jahrhunderts und andere aus den ersten Jahrzehnten des 20. Jahrhunderts, aber auch welche aus den 50ziger und 60ziger Jahren waren zu sehen.<br \/>\nDie Bilder machten sehr deutlich und f\u00fcr alle auch sichtbar, wie sich die Ortschaften im Daadener Land, insbesondere aber Daaden, vergr\u00f6\u00dfert und ver\u00e4ndert haben. <\/p>\n<p>Neubaugebiete, wo fr\u00fcher Felder und Wiesen waren, begradigte und breite geteerte Ortsdurchfahrten und Nebenstra\u00dfen, H\u00e4userabriss und Neubauten im Ortskern, der Daadebach gr\u00f6\u00dftenteils unter einer Betondecke verschwunden, verschwundene alte B\u00e4ume und G\u00e4rten, daf\u00fcr neue Anpflanzungen. Das alles hat das Erscheinungsbild der Orte total ver\u00e4ndert.<\/p>\n<p>Da die Resonanz auf diesen Vortrag derart gut war, hat sich der Westerwald-Verein entschlossen, auch im n\u00e4chsten Jahr einen Vortrag mit alten Fotos des Daadener Landes zu veranstalten. Schlie\u00dflich hat Ulrich Meyer, der sich wie bekannt auch sehr aktiv im Arbeitskreis \u201eHeimatgeschichte Daadener Land\u201c einbringt, noch viele andere Aufnahmen, auch zu anderen Themen aus fr\u00fcherer Zeit.  <\/p>\n","protected":false},"excerpt":{"rendered":"<p>Mehr als 200 Besucher waren zum Bildervortrag \u201eDaaden und Umgebung \u2013 Wie es fr\u00fcher war\u201c ins evangelische Gemeindehaus gekommen. Ulrich Meyer hatte eine Bilderschau mit vielen alten Fotos zusammen gestellt, die wohl ganz den Geschmack der Zuschauer gefunden hatten. Dies konnte man jedenfalls aus dem Beifall am Ende des Vortrags schlie\u00dfen.<\/p>\n","protected":false},"author":2,"featured_media":0,"comment_status":"closed","ping_status":"closed","sticky":false,"template":"","format":"standard","meta":{"footnotes":""},"categories":[3],"tags":[],"class_list":["post-326","post","type-post","status-publish","format-standard","hentry","category-heimatgeschichte"],"_links":{"self":[{"href":"http:\/\/www.westerwaldverein-daaden.de\/blog\/wp-json\/wp\/v2\/posts\/326","targetHints":{"allow":["GET"]}}],"collection":[{"href":"http:\/\/www.westerwaldverein-daaden.de\/blog\/wp-json\/wp\/v2\/posts"}],"about":[{"href":"http:\/\/www.westerwaldverein-daaden.de\/blog\/wp-json\/wp\/v2\/types\/post"}],"author":[{"embeddable":true,"href":"http:\/\/www.westerwaldverein-daaden.de\/blog\/wp-json\/wp\/v2\/users\/2"}],"replies":[{"embeddable":true,"href":"http:\/\/www.westerwaldverein-daaden.de\/blog\/wp-json\/wp\/v2\/comments?post=326"}],"version-history":[{"count":3,"href":"http:\/\/www.westerwaldverein-daaden.de\/blog\/wp-json\/wp\/v2\/posts\/326\/revisions"}],"predecessor-version":[{"id":373,"href":"http:\/\/www.westerwaldverein-daaden.de\/blog\/wp-json\/wp\/v2\/posts\/326\/revisions\/373"}],"wp:attachment":[{"href":"http:\/\/www.westerwaldverein-daaden.de\/blog\/wp-json\/wp\/v2\/media?parent=326"}],"wp:term":[{"taxonomy":"category","embeddable":true,"href":"http:\/\/www.westerwaldverein-daaden.de\/blog\/wp-json\/wp\/v2\/categories?post=326"},{"taxonomy":"post_tag","embeddable":true,"href":"http:\/\/www.westerwaldverein-daaden.de\/blog\/wp-json\/wp\/v2\/tags?post=326"}],"curies":[{"name":"wp","href":"https:\/\/api.w.org\/{rel}","templated":true}]}}