{"id":328,"date":"2009-11-20T17:15:18","date_gmt":"2009-11-20T15:15:18","guid":{"rendered":"http:\/\/www.westerwaldverein-daaden.de\/blog\/?p=328"},"modified":"2009-12-17T21:29:25","modified_gmt":"2009-12-17T19:29:25","slug":"daadener-wanderfreunde-wandern-erste-etappe-auf-dem-druidensteig","status":"publish","type":"post","link":"http:\/\/www.westerwaldverein-daaden.de\/blog\/2009\/11\/20\/daadener-wanderfreunde-wandern-erste-etappe-auf-dem-druidensteig\/","title":{"rendered":"Daadener Wanderfreunde wandern erste Etappe auf dem Druidensteig"},"content":{"rendered":"<p>Eine erste Etappe \u00fcber 15 Kilometer auf den neuen Druidensteig erwanderten rund 45 Wanderinnen und Wanderer von Elkenroth \u00fcber Friedewald nach Daaden. Der Wettergott hatte am vorletzten Sonntag ein Einsehen und so konnten die Wanderer bei guter Weitsicht sch\u00f6ne Ausblicke von den H\u00f6hen oberhalb Weitefeld und Friedewald genie\u00dfen.<\/p>\n<p><!--more--><\/p>\n<div class=\"center\"><img loading=\"lazy\" decoding=\"async\" src=\"http:\/\/www.westerwaldverein-daaden.de\/blog\/wp-content\/uploads\/2009\/11\/druidensteig_2009_1.jpg\" alt=\"druidensteig_2009_1\" title=\"druidensteig_2009_1\" width=\"400\" height=\"300\" class=\"alignnone size-full wp-image-329\" srcset=\"http:\/\/www.westerwaldverein-daaden.de\/blog\/wp-content\/uploads\/2009\/11\/druidensteig_2009_1.jpg 400w, http:\/\/www.westerwaldverein-daaden.de\/blog\/wp-content\/uploads\/2009\/11\/druidensteig_2009_1-300x225.jpg 300w\" sizes=\"auto, (max-width: 400px) 100vw, 400px\" \/><\/div>\n<p>Die Wanderroute f\u00fchrte vom Schul- und Sportzentrum Elkenroth zum Elkenrother Weihe, weiter in Richtung und auf die H\u00f6hen von Neunkausen und Langenbach und dann nach Friedewald. Ein St\u00fcck weit verl\u00e4uft hier der Druidensteig mit dem neuen Friedew\u00e4lder Rundweg parallel und f\u00fchrt dann durch den alten Friedew\u00e4lder Flecken  zum Schloss.  Im Schlossrestaurant wurde dann zum gemeinsamen Mittagessen eingekehrt.<\/p>\n<div class=\"center\"><img loading=\"lazy\" decoding=\"async\" src=\"http:\/\/www.westerwaldverein-daaden.de\/blog\/wp-content\/uploads\/2009\/11\/druidensteig_2009_2.jpg\" alt=\"druidensteig_2009_2\" title=\"druidensteig_2009_2\" width=\"400\" height=\"300\" class=\"alignnone size-full wp-image-330\" srcset=\"http:\/\/www.westerwaldverein-daaden.de\/blog\/wp-content\/uploads\/2009\/11\/druidensteig_2009_2.jpg 400w, http:\/\/www.westerwaldverein-daaden.de\/blog\/wp-content\/uploads\/2009\/11\/druidensteig_2009_2-300x225.jpg 300w\" sizes=\"auto, (max-width: 400px) 100vw, 400px\" \/><\/div>\n<p>Gut ges\u00e4ttigt setzte sich die Wandergruppe auf dem gut und dicht markierten Druidensteig dann in Richtung Daaden in Bewegung. Ein kleiner Anstieg bis zum Schimmerich war zu bew\u00e4ltigen, bevor man weiter \u00fcber die \u201eDerscher Fichten\u201c und den Hahnenkopf (Anschluss zum Panoramaweg m\u00f6glich) dann endlich Daaden im Blickpunkt hatte. Da der Wanderweg direkt an der Barockkirche vorbei f\u00fchrt, konnten die Wanderer noch einen Blick ins Kircheninnere tun und zur \u00dcberraschung aller, erhielten sie von Pfarrer Steege noch eine kurze Einf\u00fchrung in die Geschichte der Daadener Kirche. <\/p>\n<p>Es war eine sehr sch\u00f6ne Wanderung auf einer abwechslungsreicher Route des neuen, \u201ezertifizierten Druidensteigs\u201c, der hoffentlich auch viele G\u00e4stewanderer aus anderen Regionen anspricht.<\/p>\n","protected":false},"excerpt":{"rendered":"<p>Eine erste Etappe \u00fcber 15 Kilometer auf den neuen Druidensteig erwanderten rund 45 Wanderinnen und Wanderer von Elkenroth \u00fcber Friedewald nach Daaden. Der Wettergott hatte am vorletzten Sonntag ein Einsehen und so konnten die Wanderer bei guter Weitsicht sch\u00f6ne Ausblicke von den H\u00f6hen oberhalb Weitefeld und Friedewald genie\u00dfen.<\/p>\n","protected":false},"author":2,"featured_media":0,"comment_status":"closed","ping_status":"closed","sticky":false,"template":"","format":"standard","meta":{"footnotes":""},"categories":[5],"tags":[],"class_list":["post-328","post","type-post","status-publish","format-standard","hentry","category-wanderungen"],"_links":{"self":[{"href":"http:\/\/www.westerwaldverein-daaden.de\/blog\/wp-json\/wp\/v2\/posts\/328","targetHints":{"allow":["GET"]}}],"collection":[{"href":"http:\/\/www.westerwaldverein-daaden.de\/blog\/wp-json\/wp\/v2\/posts"}],"about":[{"href":"http:\/\/www.westerwaldverein-daaden.de\/blog\/wp-json\/wp\/v2\/types\/post"}],"author":[{"embeddable":true,"href":"http:\/\/www.westerwaldverein-daaden.de\/blog\/wp-json\/wp\/v2\/users\/2"}],"replies":[{"embeddable":true,"href":"http:\/\/www.westerwaldverein-daaden.de\/blog\/wp-json\/wp\/v2\/comments?post=328"}],"version-history":[{"count":2,"href":"http:\/\/www.westerwaldverein-daaden.de\/blog\/wp-json\/wp\/v2\/posts\/328\/revisions"}],"predecessor-version":[{"id":374,"href":"http:\/\/www.westerwaldverein-daaden.de\/blog\/wp-json\/wp\/v2\/posts\/328\/revisions\/374"}],"wp:attachment":[{"href":"http:\/\/www.westerwaldverein-daaden.de\/blog\/wp-json\/wp\/v2\/media?parent=328"}],"wp:term":[{"taxonomy":"category","embeddable":true,"href":"http:\/\/www.westerwaldverein-daaden.de\/blog\/wp-json\/wp\/v2\/categories?post=328"},{"taxonomy":"post_tag","embeddable":true,"href":"http:\/\/www.westerwaldverein-daaden.de\/blog\/wp-json\/wp\/v2\/tags?post=328"}],"curies":[{"name":"wp","href":"https:\/\/api.w.org\/{rel}","templated":true}]}}