{"id":3405,"date":"2019-10-20T11:51:59","date_gmt":"2019-10-20T10:51:59","guid":{"rendered":"http:\/\/www.westerwaldverein-daaden.de\/blog\/?p=3405"},"modified":"2019-10-20T11:52:48","modified_gmt":"2019-10-20T10:52:48","slug":"senioren-wandern-an-der-sieg","status":"publish","type":"post","link":"http:\/\/www.westerwaldverein-daaden.de\/blog\/2019\/10\/20\/senioren-wandern-an-der-sieg\/","title":{"rendered":"Senioren wandern an der Sieg"},"content":{"rendered":"<p>Eine interessante Wanderung hatte R\u00fcdiger Utsch im Bereich Wallmenroth und Scheuerfeld f\u00fcr die Seniorengruppe vorbereitet. Achtzehn Wanderfreunde hatten sich am Parkplatz am Bahnhof Scheuerfeld eingefunden, um diese kurze Strecke f\u00fcnf Kilometer lange, aber doch interessante Tour zu wandern. Die Fotos zeigen u.a. die Wandergruppe auf der neuen Br\u00fccke \u00fcber die Sieg. Den Abschluss bildete wie immer die gemeinsame Schlussrast bei Kaffee und Kuchen.<\/p>\n<div class=\"center\">\n<a href=\"http:\/\/www.westerwaldverein-daaden.de\/blog\/wp-content\/uploads\/2019\/10\/wandern-sieg-2019-10_1.jpg\" data-rel=\"lightbox-gallery-64VVMQFs\" data-rl_title=\"\" data-rl_caption=\"\" title=\"\"><img loading=\"lazy\" decoding=\"async\" src=\"http:\/\/www.westerwaldverein-daaden.de\/blog\/wp-content\/uploads\/2019\/10\/wandern-sieg-2019-10_1-400x300.jpg\" alt=\"\" width=\"400\" height=\"300\" class=\"alignnone size-medium wp-image-3406\" srcset=\"http:\/\/www.westerwaldverein-daaden.de\/blog\/wp-content\/uploads\/2019\/10\/wandern-sieg-2019-10_1-400x300.jpg 400w, http:\/\/www.westerwaldverein-daaden.de\/blog\/wp-content\/uploads\/2019\/10\/wandern-sieg-2019-10_1-768x576.jpg 768w, http:\/\/www.westerwaldverein-daaden.de\/blog\/wp-content\/uploads\/2019\/10\/wandern-sieg-2019-10_1.jpg 800w\" sizes=\"auto, (max-width: 400px) 100vw, 400px\" \/><\/a><br \/>\n<br \/>\n<a href=\"http:\/\/www.westerwaldverein-daaden.de\/blog\/wp-content\/uploads\/2019\/10\/wandern-sieg-2019-10_2.jpg\" data-rel=\"lightbox-gallery-64VVMQFs\" data-rl_title=\"\" data-rl_caption=\"\" title=\"\"><img loading=\"lazy\" decoding=\"async\" src=\"http:\/\/www.westerwaldverein-daaden.de\/blog\/wp-content\/uploads\/2019\/10\/wandern-sieg-2019-10_2-400x300.jpg\" alt=\"\" width=\"400\" height=\"300\" class=\"alignnone size-medium wp-image-3406\" \/><\/a><br \/>\n<small>Fotos zum Vergr\u00f6\u00dfern anklicken<\/small>\n<\/div>\n","protected":false},"excerpt":{"rendered":"<p>Eine interessante Wanderung hatte R\u00fcdiger Utsch im Bereich Wallmenroth und Scheuerfeld f\u00fcr die Seniorengruppe vorbereitet. Achtzehn Wanderfreunde hatten sich am Parkplatz am Bahnhof Scheuerfeld eingefunden, um diese kurze Strecke f\u00fcnf Kilometer lange, aber doch interessante Tour zu wandern. Die Fotos zeigen u.a. die Wandergruppe auf der neuen Br\u00fccke \u00fcber die Sieg. Den Abschluss bildete wie [&hellip;]<\/p>\n","protected":false},"author":2,"featured_media":0,"comment_status":"closed","ping_status":"closed","sticky":false,"template":"","format":"standard","meta":{"footnotes":""},"categories":[5],"tags":[],"class_list":["post-3405","post","type-post","status-publish","format-standard","hentry","category-wanderungen"],"_links":{"self":[{"href":"http:\/\/www.westerwaldverein-daaden.de\/blog\/wp-json\/wp\/v2\/posts\/3405","targetHints":{"allow":["GET"]}}],"collection":[{"href":"http:\/\/www.westerwaldverein-daaden.de\/blog\/wp-json\/wp\/v2\/posts"}],"about":[{"href":"http:\/\/www.westerwaldverein-daaden.de\/blog\/wp-json\/wp\/v2\/types\/post"}],"author":[{"embeddable":true,"href":"http:\/\/www.westerwaldverein-daaden.de\/blog\/wp-json\/wp\/v2\/users\/2"}],"replies":[{"embeddable":true,"href":"http:\/\/www.westerwaldverein-daaden.de\/blog\/wp-json\/wp\/v2\/comments?post=3405"}],"version-history":[{"count":2,"href":"http:\/\/www.westerwaldverein-daaden.de\/blog\/wp-json\/wp\/v2\/posts\/3405\/revisions"}],"predecessor-version":[{"id":3409,"href":"http:\/\/www.westerwaldverein-daaden.de\/blog\/wp-json\/wp\/v2\/posts\/3405\/revisions\/3409"}],"wp:attachment":[{"href":"http:\/\/www.westerwaldverein-daaden.de\/blog\/wp-json\/wp\/v2\/media?parent=3405"}],"wp:term":[{"taxonomy":"category","embeddable":true,"href":"http:\/\/www.westerwaldverein-daaden.de\/blog\/wp-json\/wp\/v2\/categories?post=3405"},{"taxonomy":"post_tag","embeddable":true,"href":"http:\/\/www.westerwaldverein-daaden.de\/blog\/wp-json\/wp\/v2\/tags?post=3405"}],"curies":[{"name":"wp","href":"https:\/\/api.w.org\/{rel}","templated":true}]}}