{"id":3425,"date":"2020-01-07T17:57:21","date_gmt":"2020-01-07T16:57:21","guid":{"rendered":"http:\/\/www.westerwaldverein-daaden.de\/blog\/?p=3425"},"modified":"2020-01-07T17:57:21","modified_gmt":"2020-01-07T16:57:21","slug":"senioren-wandern-auf-dem-panoramaweg-in-daaden","status":"publish","type":"post","link":"http:\/\/www.westerwaldverein-daaden.de\/blog\/2020\/01\/07\/senioren-wandern-auf-dem-panoramaweg-in-daaden\/","title":{"rendered":"Senioren wandern auf dem Panoramaweg in Daaden"},"content":{"rendered":"<p>Die erste Wanderung der Seniorengruppe im neuen Jahr hat Wanderf\u00fchrer Gerhard G\u00f6rg f\u00fcr <strong>Mittwoch, 15. Januar 2020<\/strong>, diesmal auf dem  Panoramaweg vorgesehen. Die rund 6 Kilometer lange Tour verl\u00e4uft an den H\u00e4ngen des Daadetales fast rund um den Ort, immer mit einem sch\u00f6nen Blick auf Daaden. Die Wanderstrecke kann auch abgek\u00fcrzt werden, indem man an einzelnen Stellen zur\u00fcck zur Ortsmitte geht. Eingekehrt wird wieder zum Abschluss im Cafe Rosenthal. <\/p>\n<p>Treffpunkt ist um <strong>13.30 Uhr<\/strong> am Parkplatz\/Festplatz in Daaden. Weitere Auskunft bitte bei Gerhard G\u00f6rg, Tel. 02743\/3403.<\/p>\n","protected":false},"excerpt":{"rendered":"<p>Die erste Wanderung der Seniorengruppe im neuen Jahr hat Wanderf\u00fchrer Gerhard G\u00f6rg f\u00fcr Mittwoch, 15. Januar 2020, diesmal auf dem Panoramaweg vorgesehen. Die rund 6 Kilometer lange Tour verl\u00e4uft an den H\u00e4ngen des Daadetales fast rund um den Ort, immer mit einem sch\u00f6nen Blick auf Daaden. Die Wanderstrecke kann auch abgek\u00fcrzt werden, indem man an [&hellip;]<\/p>\n","protected":false},"author":2,"featured_media":0,"comment_status":"closed","ping_status":"closed","sticky":false,"template":"","format":"standard","meta":{"footnotes":""},"categories":[2],"tags":[],"class_list":["post-3425","post","type-post","status-publish","format-standard","hentry","category-ankuendigungen"],"_links":{"self":[{"href":"http:\/\/www.westerwaldverein-daaden.de\/blog\/wp-json\/wp\/v2\/posts\/3425","targetHints":{"allow":["GET"]}}],"collection":[{"href":"http:\/\/www.westerwaldverein-daaden.de\/blog\/wp-json\/wp\/v2\/posts"}],"about":[{"href":"http:\/\/www.westerwaldverein-daaden.de\/blog\/wp-json\/wp\/v2\/types\/post"}],"author":[{"embeddable":true,"href":"http:\/\/www.westerwaldverein-daaden.de\/blog\/wp-json\/wp\/v2\/users\/2"}],"replies":[{"embeddable":true,"href":"http:\/\/www.westerwaldverein-daaden.de\/blog\/wp-json\/wp\/v2\/comments?post=3425"}],"version-history":[{"count":1,"href":"http:\/\/www.westerwaldverein-daaden.de\/blog\/wp-json\/wp\/v2\/posts\/3425\/revisions"}],"predecessor-version":[{"id":3426,"href":"http:\/\/www.westerwaldverein-daaden.de\/blog\/wp-json\/wp\/v2\/posts\/3425\/revisions\/3426"}],"wp:attachment":[{"href":"http:\/\/www.westerwaldverein-daaden.de\/blog\/wp-json\/wp\/v2\/media?parent=3425"}],"wp:term":[{"taxonomy":"category","embeddable":true,"href":"http:\/\/www.westerwaldverein-daaden.de\/blog\/wp-json\/wp\/v2\/categories?post=3425"},{"taxonomy":"post_tag","embeddable":true,"href":"http:\/\/www.westerwaldverein-daaden.de\/blog\/wp-json\/wp\/v2\/tags?post=3425"}],"curies":[{"name":"wp","href":"https:\/\/api.w.org\/{rel}","templated":true}]}}