{"id":3431,"date":"2020-01-08T18:36:14","date_gmt":"2020-01-08T17:36:14","guid":{"rendered":"http:\/\/www.westerwaldverein-daaden.de\/blog\/?p=3431"},"modified":"2020-01-08T18:38:25","modified_gmt":"2020-01-08T17:38:25","slug":"fackelwanderung-mit-grosser-beteiligung","status":"publish","type":"post","link":"http:\/\/www.westerwaldverein-daaden.de\/blog\/2020\/01\/08\/fackelwanderung-mit-grosser-beteiligung\/","title":{"rendered":"Fackelwanderung mit gro\u00dfer Beteiligung"},"content":{"rendered":"<p>An der Fackelwanderung zum Abschluss des Jahres hatten sich diesmal fast 50 Kinder und Erwachsene beteiligt. Eine gro\u00dfe Kinderschar  mit ihren Eltern bzw. Gro\u00dfeltern stellten sich zum Foto, bevor der lange Lichterzug sich Bewegung setzte. <\/p>\n<div class=\"center\"><img decoding=\"async\" src=\"\/blog\/wp-content\/uploads\/2020\/01\/fackelwanderung_2019_1.jpg\" alt=\"FW 2019\" \/><\/div>\n<p><!--more-->Wie in jedem Jahr waren alle mit gro\u00dfer Begeisterung dabei. Und auch diesmal hatte wieder Wanderf\u00fchrer Gerhard G\u00f6rg f\u00fcr kleine  \u00dcberraschungen w\u00e4hrend und nach der Wanderung gesorgt.<\/p>\n<div class=\"center\"><img decoding=\"async\" src=\"\/blog\/wp-content\/uploads\/2020\/01\/fackelwanderung_2019_2.jpg\" alt=\"FW 2019\" \/><\/div>\n<p>Eingekehrt wurde zum Abschluss im Cafe Rosenthal, das extra l\u00e4nger ge\u00f6ffnet hatte, damit Kinder und Erwachsene gem\u00fctlich die Tour mit Fackeln beschlie\u00dfen konnten.<\/p>\n","protected":false},"excerpt":{"rendered":"<p>An der Fackelwanderung zum Abschluss des Jahres hatten sich diesmal fast 50 Kinder und Erwachsene beteiligt. Eine gro\u00dfe Kinderschar mit ihren Eltern bzw. Gro\u00dfeltern stellten sich zum Foto, bevor der lange Lichterzug sich Bewegung setzte.<\/p>\n","protected":false},"author":2,"featured_media":0,"comment_status":"closed","ping_status":"closed","sticky":false,"template":"","format":"standard","meta":{"footnotes":""},"categories":[5],"tags":[],"class_list":["post-3431","post","type-post","status-publish","format-standard","hentry","category-wanderungen"],"_links":{"self":[{"href":"http:\/\/www.westerwaldverein-daaden.de\/blog\/wp-json\/wp\/v2\/posts\/3431","targetHints":{"allow":["GET"]}}],"collection":[{"href":"http:\/\/www.westerwaldverein-daaden.de\/blog\/wp-json\/wp\/v2\/posts"}],"about":[{"href":"http:\/\/www.westerwaldverein-daaden.de\/blog\/wp-json\/wp\/v2\/types\/post"}],"author":[{"embeddable":true,"href":"http:\/\/www.westerwaldverein-daaden.de\/blog\/wp-json\/wp\/v2\/users\/2"}],"replies":[{"embeddable":true,"href":"http:\/\/www.westerwaldverein-daaden.de\/blog\/wp-json\/wp\/v2\/comments?post=3431"}],"version-history":[{"count":2,"href":"http:\/\/www.westerwaldverein-daaden.de\/blog\/wp-json\/wp\/v2\/posts\/3431\/revisions"}],"predecessor-version":[{"id":3437,"href":"http:\/\/www.westerwaldverein-daaden.de\/blog\/wp-json\/wp\/v2\/posts\/3431\/revisions\/3437"}],"wp:attachment":[{"href":"http:\/\/www.westerwaldverein-daaden.de\/blog\/wp-json\/wp\/v2\/media?parent=3431"}],"wp:term":[{"taxonomy":"category","embeddable":true,"href":"http:\/\/www.westerwaldverein-daaden.de\/blog\/wp-json\/wp\/v2\/categories?post=3431"},{"taxonomy":"post_tag","embeddable":true,"href":"http:\/\/www.westerwaldverein-daaden.de\/blog\/wp-json\/wp\/v2\/tags?post=3431"}],"curies":[{"name":"wp","href":"https:\/\/api.w.org\/{rel}","templated":true}]}}