{"id":3444,"date":"2020-02-03T18:35:56","date_gmt":"2020-02-03T17:35:56","guid":{"rendered":"http:\/\/www.westerwaldverein-daaden.de\/blog\/?p=3444"},"modified":"2020-02-03T18:37:11","modified_gmt":"2020-02-03T17:37:11","slug":"seniorengruppe-startet-mit-wanderung-auf-dem-panoramaweg-ins-neue-jahr","status":"publish","type":"post","link":"http:\/\/www.westerwaldverein-daaden.de\/blog\/2020\/02\/03\/seniorengruppe-startet-mit-wanderung-auf-dem-panoramaweg-ins-neue-jahr\/","title":{"rendered":"Seniorengruppe startet mit Wanderung auf dem Panoramaweg ins neue Jahr"},"content":{"rendered":"<p>Mit einer Wanderung auf dem Panoramaweg Daaden hat die Seniorengruppe das neue Wanderjahr eingel\u00e4utet. Immerhin 32 Wanderinnen und Wanderer wollten bei der ersten Wanderung dabei sein. <\/p>\n<div class=\"center\"><a href=\"http:\/\/www.westerwaldverein-daaden.de\/blog\/wp-content\/uploads\/2020\/02\/2020_01_Panoramaweg_Senioren.jpg\" data-rel=\"lightbox-gallery-f9WpDGtq\" data-rl_title=\"\" data-rl_caption=\"\" title=\"\"><img loading=\"lazy\" decoding=\"async\" src=\"http:\/\/www.westerwaldverein-daaden.de\/blog\/wp-content\/uploads\/2020\/02\/2020_01_Panoramaweg_Senioren-400x300.jpg\" alt=\"\" width=\"400\" height=\"300\" class=\"alignnone size-medium wp-image-3445\" srcset=\"http:\/\/www.westerwaldverein-daaden.de\/blog\/wp-content\/uploads\/2020\/02\/2020_01_Panoramaweg_Senioren-400x300.jpg 400w, http:\/\/www.westerwaldverein-daaden.de\/blog\/wp-content\/uploads\/2020\/02\/2020_01_Panoramaweg_Senioren-768x576.jpg 768w, http:\/\/www.westerwaldverein-daaden.de\/blog\/wp-content\/uploads\/2020\/02\/2020_01_Panoramaweg_Senioren.jpg 800w\" sizes=\"auto, (max-width: 400px) 100vw, 400px\" \/><\/a><br \/><small>(Zum Vergr\u00f6\u00dfern bitte anklicken)<\/small><\/div>\n<p><!--more-->Wanderf\u00fchrer Gerhard G\u00f6rg hatte diese rund 6 Kilometer lange Rundwanderung ausgew\u00e4hlt und vorbereitet. Diesmal hatte er sogar ein Abkommen mit dem Wettergott gemacht, denn es herrschte bestes Wanderwetter und somit auch eine gute Fernsicht. So gab es von zahlreichen Standpunkten aus immer wieder sch\u00f6ne Ausblicke \u00fcber den Ortskern von Daaden und weit in die Tallagen des Daadener Landes. <\/p>\n<p>Wenn man den h\u00f6chsten Punkt am Silberberg erreicht hat, verl\u00e4uft der Panoramaweg eigentlich bis auf kleine Anstiege immer eben. Somit ist dieser Wanderweg auch f\u00fcr \u00e4ltere Wanderfreunde gut geeignet und kann in zwei  bis zweieinhalb Stunden gelaufen werden. Au\u00dferdem kann man die Tour auch abk\u00fcrzen, indem man diese an verschiedenen Stellen unterbricht und zur Ortsmitte zur\u00fcck l\u00e4uft.<\/p>\n","protected":false},"excerpt":{"rendered":"<p>Mit einer Wanderung auf dem Panoramaweg Daaden hat die Seniorengruppe das neue Wanderjahr eingel\u00e4utet. Immerhin 32 Wanderinnen und Wanderer wollten bei der ersten Wanderung dabei sein. (Zum Vergr\u00f6\u00dfern bitte anklicken)<\/p>\n","protected":false},"author":2,"featured_media":0,"comment_status":"closed","ping_status":"closed","sticky":false,"template":"","format":"standard","meta":{"footnotes":""},"categories":[5],"tags":[],"class_list":["post-3444","post","type-post","status-publish","format-standard","hentry","category-wanderungen"],"_links":{"self":[{"href":"http:\/\/www.westerwaldverein-daaden.de\/blog\/wp-json\/wp\/v2\/posts\/3444","targetHints":{"allow":["GET"]}}],"collection":[{"href":"http:\/\/www.westerwaldverein-daaden.de\/blog\/wp-json\/wp\/v2\/posts"}],"about":[{"href":"http:\/\/www.westerwaldverein-daaden.de\/blog\/wp-json\/wp\/v2\/types\/post"}],"author":[{"embeddable":true,"href":"http:\/\/www.westerwaldverein-daaden.de\/blog\/wp-json\/wp\/v2\/users\/2"}],"replies":[{"embeddable":true,"href":"http:\/\/www.westerwaldverein-daaden.de\/blog\/wp-json\/wp\/v2\/comments?post=3444"}],"version-history":[{"count":2,"href":"http:\/\/www.westerwaldverein-daaden.de\/blog\/wp-json\/wp\/v2\/posts\/3444\/revisions"}],"predecessor-version":[{"id":3448,"href":"http:\/\/www.westerwaldverein-daaden.de\/blog\/wp-json\/wp\/v2\/posts\/3444\/revisions\/3448"}],"wp:attachment":[{"href":"http:\/\/www.westerwaldverein-daaden.de\/blog\/wp-json\/wp\/v2\/media?parent=3444"}],"wp:term":[{"taxonomy":"category","embeddable":true,"href":"http:\/\/www.westerwaldverein-daaden.de\/blog\/wp-json\/wp\/v2\/categories?post=3444"},{"taxonomy":"post_tag","embeddable":true,"href":"http:\/\/www.westerwaldverein-daaden.de\/blog\/wp-json\/wp\/v2\/tags?post=3444"}],"curies":[{"name":"wp","href":"https:\/\/api.w.org\/{rel}","templated":true}]}}