{"id":3449,"date":"2020-02-03T18:38:47","date_gmt":"2020-02-03T17:38:47","guid":{"rendered":"http:\/\/www.westerwaldverein-daaden.de\/blog\/?p=3449"},"modified":"2020-02-05T09:53:01","modified_gmt":"2020-02-05T08:53:01","slug":"seniorengruppe-wandert-im-tal-der-kleinen-nister","status":"publish","type":"post","link":"http:\/\/www.westerwaldverein-daaden.de\/blog\/2020\/02\/03\/seniorengruppe-wandert-im-tal-der-kleinen-nister\/","title":{"rendered":"Seniorengruppe wandert im Tal der Kleinen Nister"},"content":{"rendered":"<p>Eine Rundwanderung von zirka 6,5 Kilometer, die an der Kirche in Luckenbach beginnt und dann nach Limbach und wieder zum Ausgangspunkt zur\u00fcck f\u00fchrt, hat  Wanderf\u00fchrer Gerhard G\u00f6rg f\u00fcr <strong>Dienstag, 11. Februar 2020<\/strong> f\u00fcr die Seniorenwanderer vorbereitet. G\u00e4ste sind wieder herzlich eingeladen. Zur Schlussrast treffen sich die Wanderfreunde dann im Cafe Hehl in Nauroth.<\/p>\n","protected":false},"excerpt":{"rendered":"<p>Eine Rundwanderung von zirka 6,5 Kilometer, die an der Kirche in Luckenbach beginnt und dann nach Limbach und wieder zum Ausgangspunkt zur\u00fcck f\u00fchrt, hat Wanderf\u00fchrer Gerhard G\u00f6rg f\u00fcr Dienstag, 11. Februar 2020 f\u00fcr die Seniorenwanderer vorbereitet. G\u00e4ste sind wieder herzlich eingeladen. Zur Schlussrast treffen sich die Wanderfreunde dann im Cafe Hehl in Nauroth.<\/p>\n","protected":false},"author":2,"featured_media":0,"comment_status":"closed","ping_status":"closed","sticky":false,"template":"","format":"standard","meta":{"footnotes":""},"categories":[2],"tags":[],"class_list":["post-3449","post","type-post","status-publish","format-standard","hentry","category-ankuendigungen"],"_links":{"self":[{"href":"http:\/\/www.westerwaldverein-daaden.de\/blog\/wp-json\/wp\/v2\/posts\/3449","targetHints":{"allow":["GET"]}}],"collection":[{"href":"http:\/\/www.westerwaldverein-daaden.de\/blog\/wp-json\/wp\/v2\/posts"}],"about":[{"href":"http:\/\/www.westerwaldverein-daaden.de\/blog\/wp-json\/wp\/v2\/types\/post"}],"author":[{"embeddable":true,"href":"http:\/\/www.westerwaldverein-daaden.de\/blog\/wp-json\/wp\/v2\/users\/2"}],"replies":[{"embeddable":true,"href":"http:\/\/www.westerwaldverein-daaden.de\/blog\/wp-json\/wp\/v2\/comments?post=3449"}],"version-history":[{"count":2,"href":"http:\/\/www.westerwaldverein-daaden.de\/blog\/wp-json\/wp\/v2\/posts\/3449\/revisions"}],"predecessor-version":[{"id":3454,"href":"http:\/\/www.westerwaldverein-daaden.de\/blog\/wp-json\/wp\/v2\/posts\/3449\/revisions\/3454"}],"wp:attachment":[{"href":"http:\/\/www.westerwaldverein-daaden.de\/blog\/wp-json\/wp\/v2\/media?parent=3449"}],"wp:term":[{"taxonomy":"category","embeddable":true,"href":"http:\/\/www.westerwaldverein-daaden.de\/blog\/wp-json\/wp\/v2\/categories?post=3449"},{"taxonomy":"post_tag","embeddable":true,"href":"http:\/\/www.westerwaldverein-daaden.de\/blog\/wp-json\/wp\/v2\/tags?post=3449"}],"curies":[{"name":"wp","href":"https:\/\/api.w.org\/{rel}","templated":true}]}}