{"id":3456,"date":"2020-03-02T16:40:55","date_gmt":"2020-03-02T15:40:55","guid":{"rendered":"http:\/\/www.westerwaldverein-daaden.de\/blog\/?p=3456"},"modified":"2020-03-02T16:52:18","modified_gmt":"2020-03-02T15:52:18","slug":"einladung-der-mitglieder-zur-jahreshauptversammlung-2020","status":"publish","type":"post","link":"http:\/\/www.westerwaldverein-daaden.de\/blog\/2020\/03\/02\/einladung-der-mitglieder-zur-jahreshauptversammlung-2020\/","title":{"rendered":"Einladung der Mitglieder zur Jahreshauptversammlung 2020"},"content":{"rendered":"<p>Wir bitten um Beachtung:<br \/>\nDie diesj\u00e4hrige Jahreshauptversammlung mit dem anschlie\u00dfenden Familienabend findet am <strong>Samstag, 14. M\u00e4rz 2020 um 19.00 Uhr<\/strong> im Gasthof Koch statt!<\/p>\n<p><strong><u>Tagesordnung:<\/u><\/strong> <\/p>\n<ol>\n<li>Er\u00f6ffnung und Begr\u00fc\u00dfung durch den Vorsitzenden, <\/li>\n<li>Totenehrung, <\/li>\n<li>Berichte:\n<ol style=\"list-style-type:lower-latin;\">\n<li style=\"list-style-type:lower-latin;\">Bericht des Vorsitzenden, <\/li>\n<li style=\"list-style-type:lower-latin;\">Bericht des Wanderf\u00fchrers, <\/li>\n<li style=\"list-style-type:lower-latin;\">Bericht des Wegewartes, <\/li>\n<li style=\"list-style-type:lower-latin;\">Bericht des Naturschutzwartes, <\/li>\n<li style=\"list-style-type:lower-latin;\">Bericht des Sprechers Arbeitskreis \u201eHeimatgeschichte Daadener Land\u201c, <\/li>\n<\/ol>\n<\/li>\n<li>Bericht des Schatzmeisters und der Kassenpr\u00fcfer, <\/li>\n<li>Mitgliederehrungen, <\/li>\n<li>Beschlussfassung der zugelassenen Mitgliederantr\u00e4ge <\/li>\n<li>Verschiedenes<\/li>\n<\/ol>\n<p>Die Antr\u00e4ge m\u00fcssen bis sp\u00e4testens 10. M\u00e4rz 2020 beim Vorsitzenden oder beim stellvertretenden Vorsitzenden vorliegen. <\/p>\n<p>Im Anschluss an die Hauptversammlung findet wie in jedem Jahr unser Familienabend statt. Hierzu sind alle Mitglieder mit ihren Partnern und Freunden ganz herzlich eingeladen. Auch alle Wander- und Heimatfreunde, die sich dem Westerwald-Verein Daaden verbunden f\u00fchlen, sind willkommen.<\/p>\n","protected":false},"excerpt":{"rendered":"<p>Wir bitten um Beachtung: Die diesj\u00e4hrige Jahreshauptversammlung mit dem anschlie\u00dfenden Familienabend findet am Samstag, 14. M\u00e4rz 2020 um 19.00 Uhr im Gasthof Koch statt! Tagesordnung: Er\u00f6ffnung und Begr\u00fc\u00dfung durch den Vorsitzenden, Totenehrung, Berichte: Bericht des Vorsitzenden, Bericht des Wanderf\u00fchrers, Bericht des Wegewartes, Bericht des Naturschutzwartes, Bericht des Sprechers Arbeitskreis \u201eHeimatgeschichte Daadener Land\u201c, Bericht des Schatzmeisters [&hellip;]<\/p>\n","protected":false},"author":2,"featured_media":0,"comment_status":"closed","ping_status":"closed","sticky":false,"template":"","format":"standard","meta":{"footnotes":""},"categories":[1,2],"tags":[],"class_list":["post-3456","post","type-post","status-publish","format-standard","hentry","category-allgemein","category-ankuendigungen"],"_links":{"self":[{"href":"http:\/\/www.westerwaldverein-daaden.de\/blog\/wp-json\/wp\/v2\/posts\/3456","targetHints":{"allow":["GET"]}}],"collection":[{"href":"http:\/\/www.westerwaldverein-daaden.de\/blog\/wp-json\/wp\/v2\/posts"}],"about":[{"href":"http:\/\/www.westerwaldverein-daaden.de\/blog\/wp-json\/wp\/v2\/types\/post"}],"author":[{"embeddable":true,"href":"http:\/\/www.westerwaldverein-daaden.de\/blog\/wp-json\/wp\/v2\/users\/2"}],"replies":[{"embeddable":true,"href":"http:\/\/www.westerwaldverein-daaden.de\/blog\/wp-json\/wp\/v2\/comments?post=3456"}],"version-history":[{"count":3,"href":"http:\/\/www.westerwaldverein-daaden.de\/blog\/wp-json\/wp\/v2\/posts\/3456\/revisions"}],"predecessor-version":[{"id":3467,"href":"http:\/\/www.westerwaldverein-daaden.de\/blog\/wp-json\/wp\/v2\/posts\/3456\/revisions\/3467"}],"wp:attachment":[{"href":"http:\/\/www.westerwaldverein-daaden.de\/blog\/wp-json\/wp\/v2\/media?parent=3456"}],"wp:term":[{"taxonomy":"category","embeddable":true,"href":"http:\/\/www.westerwaldverein-daaden.de\/blog\/wp-json\/wp\/v2\/categories?post=3456"},{"taxonomy":"post_tag","embeddable":true,"href":"http:\/\/www.westerwaldverein-daaden.de\/blog\/wp-json\/wp\/v2\/tags?post=3456"}],"curies":[{"name":"wp","href":"https:\/\/api.w.org\/{rel}","templated":true}]}}