{"id":3468,"date":"2020-03-08T11:57:42","date_gmt":"2020-03-08T10:57:42","guid":{"rendered":"http:\/\/www.westerwaldverein-daaden.de\/blog\/?p=3468"},"modified":"2020-03-08T11:57:42","modified_gmt":"2020-03-08T10:57:42","slug":"senioren-wandern-von-bad-marienberg-nach-unnau","status":"publish","type":"post","link":"http:\/\/www.westerwaldverein-daaden.de\/blog\/2020\/03\/08\/senioren-wandern-von-bad-marienberg-nach-unnau\/","title":{"rendered":"Senioren wandern von Bad Marienberg nach Unnau"},"content":{"rendered":"<p>Die n\u00e4chste Wanderung der Seniorengruppe des Westerwald-Vereins Daaden f\u00fchrt diese am <strong>Mittwoch, den 18. M\u00e4rz 2020<\/strong> auf die H\u00f6hen des Westerwaldes. <\/p>\n<p>Die Route beginnt am Parkplatz am Wildpark in Bad Marienberg und f\u00fchrt \u00fcber ca. 6,5 Kilometer nach Unnau und auf einem Rundweg zur\u00fcck. Der Wanderung schlie\u00dft sich wieder eine Schlussrast an. G\u00e4stewanderer sind auch wieder herzlich willkommen.<\/p>\n","protected":false},"excerpt":{"rendered":"<p>Die n\u00e4chste Wanderung der Seniorengruppe des Westerwald-Vereins Daaden f\u00fchrt diese am Mittwoch, den 18. M\u00e4rz 2020 auf die H\u00f6hen des Westerwaldes. Die Route beginnt am Parkplatz am Wildpark in Bad Marienberg und f\u00fchrt \u00fcber ca. 6,5 Kilometer nach Unnau und auf einem Rundweg zur\u00fcck. Der Wanderung schlie\u00dft sich wieder eine Schlussrast an. G\u00e4stewanderer sind auch [&hellip;]<\/p>\n","protected":false},"author":2,"featured_media":0,"comment_status":"closed","ping_status":"closed","sticky":false,"template":"","format":"standard","meta":{"footnotes":""},"categories":[2],"tags":[],"class_list":["post-3468","post","type-post","status-publish","format-standard","hentry","category-ankuendigungen"],"_links":{"self":[{"href":"http:\/\/www.westerwaldverein-daaden.de\/blog\/wp-json\/wp\/v2\/posts\/3468","targetHints":{"allow":["GET"]}}],"collection":[{"href":"http:\/\/www.westerwaldverein-daaden.de\/blog\/wp-json\/wp\/v2\/posts"}],"about":[{"href":"http:\/\/www.westerwaldverein-daaden.de\/blog\/wp-json\/wp\/v2\/types\/post"}],"author":[{"embeddable":true,"href":"http:\/\/www.westerwaldverein-daaden.de\/blog\/wp-json\/wp\/v2\/users\/2"}],"replies":[{"embeddable":true,"href":"http:\/\/www.westerwaldverein-daaden.de\/blog\/wp-json\/wp\/v2\/comments?post=3468"}],"version-history":[{"count":1,"href":"http:\/\/www.westerwaldverein-daaden.de\/blog\/wp-json\/wp\/v2\/posts\/3468\/revisions"}],"predecessor-version":[{"id":3469,"href":"http:\/\/www.westerwaldverein-daaden.de\/blog\/wp-json\/wp\/v2\/posts\/3468\/revisions\/3469"}],"wp:attachment":[{"href":"http:\/\/www.westerwaldverein-daaden.de\/blog\/wp-json\/wp\/v2\/media?parent=3468"}],"wp:term":[{"taxonomy":"category","embeddable":true,"href":"http:\/\/www.westerwaldverein-daaden.de\/blog\/wp-json\/wp\/v2\/categories?post=3468"},{"taxonomy":"post_tag","embeddable":true,"href":"http:\/\/www.westerwaldverein-daaden.de\/blog\/wp-json\/wp\/v2\/tags?post=3468"}],"curies":[{"name":"wp","href":"https:\/\/api.w.org\/{rel}","templated":true}]}}