{"id":35,"date":"2005-09-04T20:00:05","date_gmt":"2005-09-04T18:00:05","guid":{"rendered":"http:\/\/www.westerwaldverein-daaden.de\/blog\/2005\/08\/27\/kreisheimattag-in-daaden\/"},"modified":"2007-03-05T09:39:04","modified_gmt":"2007-03-05T08:39:04","slug":"kreisheimattag-in-daaden","status":"publish","type":"post","link":"http:\/\/www.westerwaldverein-daaden.de\/blog\/2005\/09\/04\/kreisheimattag-in-daaden\/","title":{"rendered":"Der WWV Daaden auf dem Kreisheimattag 2005"},"content":{"rendered":"<p>Kreisheimattag in Daaden, ein wirklich gelungenes Fest, an dem bei herrlichem Wetter viele Vereine und andere Organisationen mit vielen ehrenamtlichen Helfern mitgemacht haben. Auch der Westerwald-Verein Daaden war mit einem Informations- und Aktivprogramm beteiligt und konnte viele Besucher an seinem Stand begr\u00fc\u00dfen.<\/p>\n<p><!--more--><\/p>\n<p align=\"center\"><img decoding=\"async\" align=\"center\" src=\"http:\/\/www.westerwaldverein-daaden.de\/blog\/wp-content\/wwv_kht1.jpg\" alt=\"Kreisheimattag 2005\" \/><br \/>Die H\u00fctte des WWV Daaden ist bereit f\u00fcr den Ansturm der Besucher<\/p>\n<p>Baumscheibens\u00e4gen, sowie ein Erkennungswettbewerb, bei dem 15 heimische Baumarten erkannt werden mussten, berechtigten zur Teilnahme an den beiden Ziehungen der Gewinner. Es war gar nicht so leicht die 15 Jungb\u00e4ume an ihren Bl\u00e4ttern oder an der Rinde zu erkennen. Viele haben teilgenommen, darunter auch Minister Hans-Artur Bauckhage und Landrat Dr. Alfred Beth, sowie die beiden B\u00fcrgermeister von Daaden Wolfgang Schneider und G\u00fcnter Knautz. Sie waren aber bei der Ziehung leider nicht unter den 20 Gewinnern.<\/p>\n<p align=\"center\"><img decoding=\"async\" src=\"http:\/\/www.westerwaldverein-daaden.de\/blog\/wp-content\/wwv_kht3.jpg\" alt=\"Kreisheimattag 2005\" \/><br \/>15 heimische Jungb\u00e4ume<\/p>\n<p>Mit Bildern der Rucksackschule des Westerwald-Vereins in Montabaur und mit Informationen zum Wander- und Heimatverein wurde das umfangreiche Freizeitangebot des Daadener Westerwald-Vereins dokumentiert. Mit der Pr\u00e4sentation eines F\u00f6rderturmmodells, dem Bergmann in Uniform und weiteren Exponaten aus dem Bergbau, konnte den Besuchern die vergangene Bergbaugeschichte im Daadener Land n\u00e4hergebracht werden. Das Interesse war auch Dank der vielen Besucher sehr gro\u00df und somit hatte sich die Arbeit bei den Vorbereitungen gelohnt und alle Beteiligten hatten viel Spa\u00df am Kreisheimattag.<\/p>\n<p align=\"center\"><img decoding=\"async\" src=\"http:\/\/www.westerwaldverein-daaden.de\/blog\/wp-content\/wwv_kht2.jpg\" alt=\"Kreisheimattag 2005\" \/><br \/>Bergmann in Uniform und F\u00f6rderturmmodell<\/p>\n<p>Die meisten Teilnehmer haben ihre Gewinne, wie z.B. Bildb\u00e4nde, &#8222;Daadetaler&#8220; und die Wanderkarten &#8222;Daadener Land&#8220; bereits sofort in Empfang genommen. Den restlichen Gewinnern werden diese in K\u00fcrze zugesandt.<\/p>\n","protected":false},"excerpt":{"rendered":"<p>Kreisheimattag in Daaden, ein wirklich gelungenes Fest, an dem bei herrlichem Wetter viele Vereine und andere Organisationen mit vielen ehrenamtlichen Helfern mitgemacht haben. Auch der Westerwald-Verein Daaden war mit einem Informations- und Aktivprogramm beteiligt und konnte viele Besucher an seinem Stand begr\u00fc\u00dfen.<\/p>\n","protected":false},"author":2,"featured_media":0,"comment_status":"closed","ping_status":"closed","sticky":false,"template":"","format":"standard","meta":{"footnotes":""},"categories":[1],"tags":[],"class_list":["post-35","post","type-post","status-publish","format-standard","hentry","category-allgemein"],"_links":{"self":[{"href":"http:\/\/www.westerwaldverein-daaden.de\/blog\/wp-json\/wp\/v2\/posts\/35","targetHints":{"allow":["GET"]}}],"collection":[{"href":"http:\/\/www.westerwaldverein-daaden.de\/blog\/wp-json\/wp\/v2\/posts"}],"about":[{"href":"http:\/\/www.westerwaldverein-daaden.de\/blog\/wp-json\/wp\/v2\/types\/post"}],"author":[{"embeddable":true,"href":"http:\/\/www.westerwaldverein-daaden.de\/blog\/wp-json\/wp\/v2\/users\/2"}],"replies":[{"embeddable":true,"href":"http:\/\/www.westerwaldverein-daaden.de\/blog\/wp-json\/wp\/v2\/comments?post=35"}],"version-history":[{"count":0,"href":"http:\/\/www.westerwaldverein-daaden.de\/blog\/wp-json\/wp\/v2\/posts\/35\/revisions"}],"wp:attachment":[{"href":"http:\/\/www.westerwaldverein-daaden.de\/blog\/wp-json\/wp\/v2\/media?parent=35"}],"wp:term":[{"taxonomy":"category","embeddable":true,"href":"http:\/\/www.westerwaldverein-daaden.de\/blog\/wp-json\/wp\/v2\/categories?post=35"},{"taxonomy":"post_tag","embeddable":true,"href":"http:\/\/www.westerwaldverein-daaden.de\/blog\/wp-json\/wp\/v2\/tags?post=35"}],"curies":[{"name":"wp","href":"https:\/\/api.w.org\/{rel}","templated":true}]}}