{"id":3504,"date":"2020-09-30T19:32:30","date_gmt":"2020-09-30T18:32:30","guid":{"rendered":"http:\/\/www.westerwaldverein-daaden.de\/blog\/?p=3504"},"modified":"2020-09-30T19:32:46","modified_gmt":"2020-09-30T18:32:46","slug":"seniorengruppe-wandert-im-gebiet-um-katzwinkel","status":"publish","type":"post","link":"http:\/\/www.westerwaldverein-daaden.de\/blog\/2020\/09\/30\/seniorengruppe-wandert-im-gebiet-um-katzwinkel\/","title":{"rendered":"Seniorengruppe wandert im Gebiet um Katzwinkel"},"content":{"rendered":"<p>Die n\u00e4chste Wanderung der Senioren f\u00fchrt am <strong>Dienstag, den 13. Oktober 2020<\/strong> wieder mal ins Gebiet um Katzwinkel. Friedhelm Heck und Gerhard G\u00f6rg werden die Wanderfreunde auf einer Strecke von knapp 6 Kilometer f\u00fchren. F\u00fcr Wandergruppen gelten immer noch die bekannten Hygienevorschriften. Das hei\u00dft: Am Treffpunkt muss Mund- und Nasenschutz getragen werden; also unbedingt Maske mitbringen. <\/p>\n<p>Interessierte Wanderfreunde sollten sich vorher bei Gerhard G\u00f6rg (Tel. 02743\/3403) anmelden.<\/p>\n<p><strong>Treffpunkt ist um 13.30 Uhr am Parkplatz\/Festplatz in Daaden oder um 14.00 Uhr am Wohnhaus von Friedhelm Heck in Katzwinkel, Knappenstr. 32a.<\/strong><\/p>\n","protected":false},"excerpt":{"rendered":"<p>Die n\u00e4chste Wanderung der Senioren f\u00fchrt am Dienstag, den 13. Oktober 2020 wieder mal ins Gebiet um Katzwinkel. Friedhelm Heck und Gerhard G\u00f6rg werden die Wanderfreunde auf einer Strecke von knapp 6 Kilometer f\u00fchren. F\u00fcr Wandergruppen gelten immer noch die bekannten Hygienevorschriften. Das hei\u00dft: Am Treffpunkt muss Mund- und Nasenschutz getragen werden; also unbedingt Maske [&hellip;]<\/p>\n","protected":false},"author":2,"featured_media":0,"comment_status":"closed","ping_status":"closed","sticky":false,"template":"","format":"standard","meta":{"footnotes":""},"categories":[2],"tags":[],"class_list":["post-3504","post","type-post","status-publish","format-standard","hentry","category-ankuendigungen"],"_links":{"self":[{"href":"http:\/\/www.westerwaldverein-daaden.de\/blog\/wp-json\/wp\/v2\/posts\/3504","targetHints":{"allow":["GET"]}}],"collection":[{"href":"http:\/\/www.westerwaldverein-daaden.de\/blog\/wp-json\/wp\/v2\/posts"}],"about":[{"href":"http:\/\/www.westerwaldverein-daaden.de\/blog\/wp-json\/wp\/v2\/types\/post"}],"author":[{"embeddable":true,"href":"http:\/\/www.westerwaldverein-daaden.de\/blog\/wp-json\/wp\/v2\/users\/2"}],"replies":[{"embeddable":true,"href":"http:\/\/www.westerwaldverein-daaden.de\/blog\/wp-json\/wp\/v2\/comments?post=3504"}],"version-history":[{"count":2,"href":"http:\/\/www.westerwaldverein-daaden.de\/blog\/wp-json\/wp\/v2\/posts\/3504\/revisions"}],"predecessor-version":[{"id":3506,"href":"http:\/\/www.westerwaldverein-daaden.de\/blog\/wp-json\/wp\/v2\/posts\/3504\/revisions\/3506"}],"wp:attachment":[{"href":"http:\/\/www.westerwaldverein-daaden.de\/blog\/wp-json\/wp\/v2\/media?parent=3504"}],"wp:term":[{"taxonomy":"category","embeddable":true,"href":"http:\/\/www.westerwaldverein-daaden.de\/blog\/wp-json\/wp\/v2\/categories?post=3504"},{"taxonomy":"post_tag","embeddable":true,"href":"http:\/\/www.westerwaldverein-daaden.de\/blog\/wp-json\/wp\/v2\/tags?post=3504"}],"curies":[{"name":"wp","href":"https:\/\/api.w.org\/{rel}","templated":true}]}}