{"id":3534,"date":"2021-06-25T18:36:54","date_gmt":"2021-06-25T17:36:54","guid":{"rendered":"http:\/\/www.westerwaldverein-daaden.de\/blog\/?p=3534"},"modified":"2021-07-01T18:54:48","modified_gmt":"2021-07-01T17:54:48","slug":"westerwald-verein-daaden-beginnt-wieder-mit-wanderungen","status":"publish","type":"post","link":"http:\/\/www.westerwaldverein-daaden.de\/blog\/2021\/06\/25\/westerwald-verein-daaden-beginnt-wieder-mit-wanderungen\/","title":{"rendered":"Westerwald-Verein Daaden beginnt wieder mit Wanderungen!"},"content":{"rendered":"<p><strong>Gef\u00fchrte Gemeinschaftswanderungen sind wieder m\u00f6glich<\/strong><\/p>\n<p>Nach einer gef\u00fchlten Ewigkeit, verursacht durch die starken Einschr\u00e4nkungen der Corona- Pandemie, wird der Westerwald-Verein Daaden am Mittwoch, dem 7. Juli 2021 mit einer kurzen Wanderung und anschlie\u00dfendem Zusammensein an der Friedew\u00e4lder Grillh\u00fctte sein Wanderprogramm wieder aufnehmen.<\/p>\n<p>Die Hygienevorschriften waren derart streng, aber  sicher auch erforderlich. Das Wandern in Gemeinschaft war f\u00fcr viele Monate nicht m\u00f6glich. Nun sind aber die Bedingungen soweit gelockert, dass wir wieder gemeinsame Wanderungen planen und durchf\u00fchren k\u00f6nnen. Bitte aber den Mund-und Nasenschutz mitbringen! <\/p>\n<p>Wanderf\u00fchrer Gerhard G\u00f6rg hat eine  Tour im Bereich Friedewald vorbereitet, die eigentlich schon f\u00fcr 2020 geplant war. Im Anschluss an diese erste Wanderung l\u00e4dt der Westerwald-Verein die Wanderfreunde in der Grillh\u00fctte in Friedewald ein. Hier wird gegrillt und  wie gewohnt, werden wir gemeinsam ein paar sch\u00f6ne Stunden verbringen k\u00f6nnen. Nat\u00fcrlich gibt es auch Getr\u00e4nke.    <strong>Bitte unbedingt Teller und Besteck mitbringen!<\/strong><\/p>\n<p><strong>Treffpunkt ist um 13.30 Uhr am Parkplatz\/Festplatz in Daaden oder um 13.45 Uhr an der Grillh\u00fctte in Friedewald.<\/strong> Von hier werden die Wanderfreunde dann um <strong>14.00 Uhr<\/strong> zu der ersten  Wanderung seit langer Zeit aufbrechen. <\/p>\n","protected":false},"excerpt":{"rendered":"<p>Gef\u00fchrte Gemeinschaftswanderungen sind wieder m\u00f6glich Nach einer gef\u00fchlten Ewigkeit, verursacht durch die starken Einschr\u00e4nkungen der Corona- Pandemie, wird der Westerwald-Verein Daaden am Mittwoch, dem 7. Juli 2021 mit einer kurzen Wanderung und anschlie\u00dfendem Zusammensein an der Friedew\u00e4lder Grillh\u00fctte sein Wanderprogramm wieder aufnehmen. Die Hygienevorschriften waren derart streng, aber sicher auch erforderlich. Das Wandern in Gemeinschaft [&hellip;]<\/p>\n","protected":false},"author":2,"featured_media":0,"comment_status":"closed","ping_status":"closed","sticky":false,"template":"","format":"standard","meta":{"footnotes":""},"categories":[2],"tags":[],"class_list":["post-3534","post","type-post","status-publish","format-standard","hentry","category-ankuendigungen"],"_links":{"self":[{"href":"http:\/\/www.westerwaldverein-daaden.de\/blog\/wp-json\/wp\/v2\/posts\/3534","targetHints":{"allow":["GET"]}}],"collection":[{"href":"http:\/\/www.westerwaldverein-daaden.de\/blog\/wp-json\/wp\/v2\/posts"}],"about":[{"href":"http:\/\/www.westerwaldverein-daaden.de\/blog\/wp-json\/wp\/v2\/types\/post"}],"author":[{"embeddable":true,"href":"http:\/\/www.westerwaldverein-daaden.de\/blog\/wp-json\/wp\/v2\/users\/2"}],"replies":[{"embeddable":true,"href":"http:\/\/www.westerwaldverein-daaden.de\/blog\/wp-json\/wp\/v2\/comments?post=3534"}],"version-history":[{"count":2,"href":"http:\/\/www.westerwaldverein-daaden.de\/blog\/wp-json\/wp\/v2\/posts\/3534\/revisions"}],"predecessor-version":[{"id":3536,"href":"http:\/\/www.westerwaldverein-daaden.de\/blog\/wp-json\/wp\/v2\/posts\/3534\/revisions\/3536"}],"wp:attachment":[{"href":"http:\/\/www.westerwaldverein-daaden.de\/blog\/wp-json\/wp\/v2\/media?parent=3534"}],"wp:term":[{"taxonomy":"category","embeddable":true,"href":"http:\/\/www.westerwaldverein-daaden.de\/blog\/wp-json\/wp\/v2\/categories?post=3534"},{"taxonomy":"post_tag","embeddable":true,"href":"http:\/\/www.westerwaldverein-daaden.de\/blog\/wp-json\/wp\/v2\/tags?post=3534"}],"curies":[{"name":"wp","href":"https:\/\/api.w.org\/{rel}","templated":true}]}}