{"id":3537,"date":"2021-07-12T11:18:22","date_gmt":"2021-07-12T10:18:22","guid":{"rendered":"http:\/\/www.westerwaldverein-daaden.de\/blog\/?p=3537"},"modified":"2021-07-12T11:19:20","modified_gmt":"2021-07-12T10:19:20","slug":"westerwald-verein-daaden-startet-nach-langer-pause-mit-guter-beteiligung-zur-ersten-wanderung","status":"publish","type":"post","link":"http:\/\/www.westerwaldverein-daaden.de\/blog\/2021\/07\/12\/westerwald-verein-daaden-startet-nach-langer-pause-mit-guter-beteiligung-zur-ersten-wanderung\/","title":{"rendered":"Westerwald-Verein Daaden startet nach langer Pause mit guter Beteiligung zur ersten Wanderung!"},"content":{"rendered":"<p>Nach einer langen Wanderpause hatte der Westerwald-Verein Daaden wieder zu einer Wanderung am Mittwoch, dem 7. Juli 2021 eingeladen. Wegen der einschneidenden Corona-Hygienema\u00dfnahmen mussten ab Fr\u00fchjahr 2020 alle Wanderungen abgesagt werden. Nun waren die Wanderfreunde froh, endlich wieder zusammen zu kommen, um gemeinsam zu wandern. Immerhin waren mehr als 45 Wanderfreunde der Einladung von Wanderf\u00fchrer Gerhard G\u00f6rg gefolgt und machten eine erste Tour \u00fcber rund 6 Kilometer im Bereich Friedewald.<\/p>\n<p>Im Anschluss an die Wanderung trafen sich dann alle an der Grillh\u00fctte in Friedewald wo ein guter Geist schon leckere Grillw\u00fcrstchen vorbereitet hatte. Getr\u00e4nke standen nat\u00fcrlich auch schon bereit. Endlich konnten die Wanderinnen und Wanderer mal wieder ein Schw\u00e4tzchen halten, hatte man sich doch so lange nicht gesehen und es gab viel zu erz\u00e4hlen. <\/p>\n<p>Der Vorstand des Westerwald-Vereins hofft nun, dass die Bedingungen auch zuk\u00fcnftig mindestens so wie jetzt bleiben. F\u00fcr August ist erneut eine  Wanderung vorgesehen und f\u00fcr September ist das schon obligatorische Fischessen in Langenbach bei Bad Marienberg vorgeplant. Die Termine werden dann fr\u00fchzeitig bekannt gegeben. <\/p>\n","protected":false},"excerpt":{"rendered":"<p>Nach einer langen Wanderpause hatte der Westerwald-Verein Daaden wieder zu einer Wanderung am Mittwoch, dem 7. Juli 2021 eingeladen. Wegen der einschneidenden Corona-Hygienema\u00dfnahmen mussten ab Fr\u00fchjahr 2020 alle Wanderungen abgesagt werden. Nun waren die Wanderfreunde froh, endlich wieder zusammen zu kommen, um gemeinsam zu wandern. Immerhin waren mehr als 45 Wanderfreunde der Einladung von Wanderf\u00fchrer [&hellip;]<\/p>\n","protected":false},"author":2,"featured_media":0,"comment_status":"closed","ping_status":"closed","sticky":false,"template":"","format":"standard","meta":{"footnotes":""},"categories":[5],"tags":[],"class_list":["post-3537","post","type-post","status-publish","format-standard","hentry","category-wanderungen"],"_links":{"self":[{"href":"http:\/\/www.westerwaldverein-daaden.de\/blog\/wp-json\/wp\/v2\/posts\/3537","targetHints":{"allow":["GET"]}}],"collection":[{"href":"http:\/\/www.westerwaldverein-daaden.de\/blog\/wp-json\/wp\/v2\/posts"}],"about":[{"href":"http:\/\/www.westerwaldverein-daaden.de\/blog\/wp-json\/wp\/v2\/types\/post"}],"author":[{"embeddable":true,"href":"http:\/\/www.westerwaldverein-daaden.de\/blog\/wp-json\/wp\/v2\/users\/2"}],"replies":[{"embeddable":true,"href":"http:\/\/www.westerwaldverein-daaden.de\/blog\/wp-json\/wp\/v2\/comments?post=3537"}],"version-history":[{"count":2,"href":"http:\/\/www.westerwaldverein-daaden.de\/blog\/wp-json\/wp\/v2\/posts\/3537\/revisions"}],"predecessor-version":[{"id":3539,"href":"http:\/\/www.westerwaldverein-daaden.de\/blog\/wp-json\/wp\/v2\/posts\/3537\/revisions\/3539"}],"wp:attachment":[{"href":"http:\/\/www.westerwaldverein-daaden.de\/blog\/wp-json\/wp\/v2\/media?parent=3537"}],"wp:term":[{"taxonomy":"category","embeddable":true,"href":"http:\/\/www.westerwaldverein-daaden.de\/blog\/wp-json\/wp\/v2\/categories?post=3537"},{"taxonomy":"post_tag","embeddable":true,"href":"http:\/\/www.westerwaldverein-daaden.de\/blog\/wp-json\/wp\/v2\/tags?post=3537"}],"curies":[{"name":"wp","href":"https:\/\/api.w.org\/{rel}","templated":true}]}}