{"id":3551,"date":"2021-09-14T09:12:08","date_gmt":"2021-09-14T08:12:08","guid":{"rendered":"http:\/\/www.westerwaldverein-daaden.de\/blog\/?p=3551"},"modified":"2021-09-14T09:12:45","modified_gmt":"2021-09-14T08:12:45","slug":"wandern-mit-anschliessendem-fischessen","status":"publish","type":"post","link":"http:\/\/www.westerwaldverein-daaden.de\/blog\/2021\/09\/14\/wandern-mit-anschliessendem-fischessen\/","title":{"rendered":"Wandern mit anschlie\u00dfendem Fischessen"},"content":{"rendered":"<p>Am <strong>Mittwoch, den 15. September 2021<\/strong> findet die gemeinsame Wanderung mit anschlie\u00dfendem Fischessen des Westerwald-Vereins Daaden statt. Diese schon obligatorische Wanderung wird im Bereich um Langenbach bei Bad Marienberg sein. Hierzu m\u00fcssen sich aber alle interessierten Wanderfreunde m\u00f6glichst bis zum 11. September 2021 bei Wanderf\u00fchrer Gerhard G\u00f6rg unter der Tel.02743\/3403 anmelden, diesmal auch die Wanderfreunde die nur an der Wanderung teilnehmen wollen.<\/p>\n<p><strong>Treffpunkt ist um 13.30 Uhr am Parkplatz\/Festplatz in Daaden. Bei den derzeitigen hohen Inzidenzwerten ist das gemeinsame Fischessen nur unter den Voraussetzungen von 3G m\u00f6glich. <\/strong><\/p>\n","protected":false},"excerpt":{"rendered":"<p>Am Mittwoch, den 15. September 2021 findet die gemeinsame Wanderung mit anschlie\u00dfendem Fischessen des Westerwald-Vereins Daaden statt. Diese schon obligatorische Wanderung wird im Bereich um Langenbach bei Bad Marienberg sein. Hierzu m\u00fcssen sich aber alle interessierten Wanderfreunde m\u00f6glichst bis zum 11. September 2021 bei Wanderf\u00fchrer Gerhard G\u00f6rg unter der Tel.02743\/3403 anmelden, diesmal auch die Wanderfreunde [&hellip;]<\/p>\n","protected":false},"author":2,"featured_media":0,"comment_status":"closed","ping_status":"closed","sticky":false,"template":"","format":"standard","meta":{"footnotes":""},"categories":[2],"tags":[],"class_list":["post-3551","post","type-post","status-publish","format-standard","hentry","category-ankuendigungen"],"_links":{"self":[{"href":"http:\/\/www.westerwaldverein-daaden.de\/blog\/wp-json\/wp\/v2\/posts\/3551","targetHints":{"allow":["GET"]}}],"collection":[{"href":"http:\/\/www.westerwaldverein-daaden.de\/blog\/wp-json\/wp\/v2\/posts"}],"about":[{"href":"http:\/\/www.westerwaldverein-daaden.de\/blog\/wp-json\/wp\/v2\/types\/post"}],"author":[{"embeddable":true,"href":"http:\/\/www.westerwaldverein-daaden.de\/blog\/wp-json\/wp\/v2\/users\/2"}],"replies":[{"embeddable":true,"href":"http:\/\/www.westerwaldverein-daaden.de\/blog\/wp-json\/wp\/v2\/comments?post=3551"}],"version-history":[{"count":2,"href":"http:\/\/www.westerwaldverein-daaden.de\/blog\/wp-json\/wp\/v2\/posts\/3551\/revisions"}],"predecessor-version":[{"id":3553,"href":"http:\/\/www.westerwaldverein-daaden.de\/blog\/wp-json\/wp\/v2\/posts\/3551\/revisions\/3553"}],"wp:attachment":[{"href":"http:\/\/www.westerwaldverein-daaden.de\/blog\/wp-json\/wp\/v2\/media?parent=3551"}],"wp:term":[{"taxonomy":"category","embeddable":true,"href":"http:\/\/www.westerwaldverein-daaden.de\/blog\/wp-json\/wp\/v2\/categories?post=3551"},{"taxonomy":"post_tag","embeddable":true,"href":"http:\/\/www.westerwaldverein-daaden.de\/blog\/wp-json\/wp\/v2\/tags?post=3551"}],"curies":[{"name":"wp","href":"https:\/\/api.w.org\/{rel}","templated":true}]}}