{"id":3555,"date":"2021-10-11T09:24:42","date_gmt":"2021-10-11T08:24:42","guid":{"rendered":"http:\/\/www.westerwaldverein-daaden.de\/blog\/?p=3555"},"modified":"2021-10-11T09:24:42","modified_gmt":"2021-10-11T08:24:42","slug":"wanderung-im-raum-elkenroth-nauroth","status":"publish","type":"post","link":"http:\/\/www.westerwaldverein-daaden.de\/blog\/2021\/10\/11\/wanderung-im-raum-elkenroth-nauroth\/","title":{"rendered":"Wanderung im Raum Elkenroth\/Nauroth"},"content":{"rendered":"<p>Die n\u00e4chste Wanderung der Seniorengruppe des Daadener Westerwald-Vereins findet am <strong>Mittwoch, dem 13. Oktober<\/strong> im Raum Elkenroth\/Nauroth statt. Wanderf\u00fchrer Gerhard G\u00f6rg hat eine rund 6 Kilometer lange und sch\u00f6ne Rundtour vorbereitet, die am Ende mit einer Einkehr im Cafe in Elkenroth endet.<\/p>\n<p><strong>Treffpunkt ist um 13.30 Uhr am Parkplatz\/ Festplatz in Daaden oder gegen 14.00 Uhr am Parkplatz am B\u00fcrgerhaus in Elkenroth.<\/strong> Wir bitten die geltenden Hygienevorschriften zu beachten, Masken sind am Treffpunkt und bei der Einkehr im Cafe erforderlich. <\/p>\n<p>Weitere Auskunft erteilt Gerhard G\u00f6rg, unter Tel. 02743\/3403  <\/p>\n","protected":false},"excerpt":{"rendered":"<p>Die n\u00e4chste Wanderung der Seniorengruppe des Daadener Westerwald-Vereins findet am Mittwoch, dem 13. Oktober im Raum Elkenroth\/Nauroth statt. Wanderf\u00fchrer Gerhard G\u00f6rg hat eine rund 6 Kilometer lange und sch\u00f6ne Rundtour vorbereitet, die am Ende mit einer Einkehr im Cafe in Elkenroth endet. Treffpunkt ist um 13.30 Uhr am Parkplatz\/ Festplatz in Daaden oder gegen 14.00 [&hellip;]<\/p>\n","protected":false},"author":2,"featured_media":0,"comment_status":"closed","ping_status":"closed","sticky":false,"template":"","format":"standard","meta":{"footnotes":""},"categories":[2],"tags":[],"class_list":["post-3555","post","type-post","status-publish","format-standard","hentry","category-ankuendigungen"],"_links":{"self":[{"href":"http:\/\/www.westerwaldverein-daaden.de\/blog\/wp-json\/wp\/v2\/posts\/3555","targetHints":{"allow":["GET"]}}],"collection":[{"href":"http:\/\/www.westerwaldverein-daaden.de\/blog\/wp-json\/wp\/v2\/posts"}],"about":[{"href":"http:\/\/www.westerwaldverein-daaden.de\/blog\/wp-json\/wp\/v2\/types\/post"}],"author":[{"embeddable":true,"href":"http:\/\/www.westerwaldverein-daaden.de\/blog\/wp-json\/wp\/v2\/users\/2"}],"replies":[{"embeddable":true,"href":"http:\/\/www.westerwaldverein-daaden.de\/blog\/wp-json\/wp\/v2\/comments?post=3555"}],"version-history":[{"count":1,"href":"http:\/\/www.westerwaldverein-daaden.de\/blog\/wp-json\/wp\/v2\/posts\/3555\/revisions"}],"predecessor-version":[{"id":3556,"href":"http:\/\/www.westerwaldverein-daaden.de\/blog\/wp-json\/wp\/v2\/posts\/3555\/revisions\/3556"}],"wp:attachment":[{"href":"http:\/\/www.westerwaldverein-daaden.de\/blog\/wp-json\/wp\/v2\/media?parent=3555"}],"wp:term":[{"taxonomy":"category","embeddable":true,"href":"http:\/\/www.westerwaldverein-daaden.de\/blog\/wp-json\/wp\/v2\/categories?post=3555"},{"taxonomy":"post_tag","embeddable":true,"href":"http:\/\/www.westerwaldverein-daaden.de\/blog\/wp-json\/wp\/v2\/tags?post=3555"}],"curies":[{"name":"wp","href":"https:\/\/api.w.org\/{rel}","templated":true}]}}