{"id":3560,"date":"2021-10-25T06:39:02","date_gmt":"2021-10-25T05:39:02","guid":{"rendered":"http:\/\/www.westerwaldverein-daaden.de\/blog\/?p=3560"},"modified":"2021-10-25T06:45:30","modified_gmt":"2021-10-25T05:45:30","slug":"zeitreise-in-bildern-durch-das-daadener-land","status":"publish","type":"post","link":"http:\/\/www.westerwaldverein-daaden.de\/blog\/2021\/10\/25\/zeitreise-in-bildern-durch-das-daadener-land\/","title":{"rendered":"Zeitreise in Bildern durch das Daadener Land"},"content":{"rendered":"<p>Zu einer Zeitreise in Bildern durch das Daadener Land l\u00e4dt in diesem Jahr wieder der Westerwald-Verein Daaden e.V. zusammen mit seinem Arbeitskreis Heimatgeschichte Daadener Land ein. Die Veranstaltung findet am <strong>Freitag, dem 12. November 2021 um 19.30 Uhr<\/strong> im B\u00fcrgerhaus in Daaden statt.<\/p>\n<div class=\"center\"><a href=\"http:\/\/www.westerwaldverein-daaden.de\/blog\/wp-content\/uploads\/2021\/10\/WWV_Diavortrag_2021_Plakat_Web.jpg\" data-rel=\"lightbox-gallery-V2hvZbfB\" data-rl_title=\"\" data-rl_caption=\"\" title=\"\"><img loading=\"lazy\" decoding=\"async\" src=\"http:\/\/www.westerwaldverein-daaden.de\/blog\/wp-content\/uploads\/2021\/10\/WWV_Diavortrag_2021_Plakat_Web-400x284.jpg\" alt=\"\" width=\"400\" height=\"284\" class=\"alignnone size-medium wp-image-3563\" srcset=\"http:\/\/www.westerwaldverein-daaden.de\/blog\/wp-content\/uploads\/2021\/10\/WWV_Diavortrag_2021_Plakat_Web-400x284.jpg 400w, http:\/\/www.westerwaldverein-daaden.de\/blog\/wp-content\/uploads\/2021\/10\/WWV_Diavortrag_2021_Plakat_Web-768x546.jpg 768w, http:\/\/www.westerwaldverein-daaden.de\/blog\/wp-content\/uploads\/2021\/10\/WWV_Diavortrag_2021_Plakat_Web.jpg 1000w\" sizes=\"auto, (max-width: 400px) 100vw, 400px\" \/><\/a><\/div>\n<p>Es stehen 200 bis 220 Pl\u00e4tze zur Verf\u00fcgung. Es gilt die \u201e3G-Regel\u201c, d. h., wer die Veranstaltung besuchen m\u00f6chte, muss geimpft, genesen oder getestet sein. Bitte eine entsprechende Bescheinigung und das unten abgedruckte Kontaktformular ausgef\u00fcllt mitbringen. Ein Test vor Ort ist f\u00fcr einen Kostenbeitrag von 1,- Euro m\u00f6glich.  Einlass ist ab 18.00 Uhr. Der Eintritt ist frei. Eine kleine Spende wird jedoch nicht zuletzt auch wegen des zus\u00e4tzlich erforderlichen Aufwandes erbeten.<\/p>\n<p>Nachdem der Bildervortrag im vergangenen Jahr aufgrund der Corona-Pandemie ausfallen musste, freuen wir uns, in diesem Jahr wieder Fotos aus der j\u00fcngeren und \u00e4lteren Vergangenheit des Daadener Landes zeigen zu k\u00f6nnen. <\/p>\n<div class=\"center\"><a href=\"http:\/\/www.westerwaldverein-daaden.de\/blog\/wp-content\/uploads\/2021\/10\/Bildervortrag_2021_Kontaktformular.pdf\" target=\"_blank\" rel=\"noopener\" title=\"Formular bitte herunterladen, ausdrucken und ausgef\u00fcllt mitbringen\"><img loading=\"lazy\" decoding=\"async\" src=\"http:\/\/www.westerwaldverein-daaden.de\/blog\/wp-content\/uploads\/2021\/10\/Bildervortrag_2021_Kontaktformular.jpg\" alt=\"Formular zur Kontakterfassung\" width=\"300\" height=\"224\" class=\"alignnone size-full wp-image-3561\" \/><\/a><\/p>\n<p>Formular bitte herunterladen, ausdrucken und ausgef\u00fcllt mitbringen.<\/p><\/div>\n","protected":false},"excerpt":{"rendered":"<p>Zu einer Zeitreise in Bildern durch das Daadener Land l\u00e4dt in diesem Jahr wieder der Westerwald-Verein Daaden e.V. zusammen mit seinem Arbeitskreis Heimatgeschichte Daadener Land ein. Die Veranstaltung findet am Freitag, dem 12. November 2021 um 19.30 Uhr im B\u00fcrgerhaus in Daaden statt. Es stehen 200 bis 220 Pl\u00e4tze zur Verf\u00fcgung. Es gilt die \u201e3G-Regel\u201c, [&hellip;]<\/p>\n","protected":false},"author":2,"featured_media":0,"comment_status":"closed","ping_status":"closed","sticky":false,"template":"","format":"standard","meta":{"footnotes":""},"categories":[2,3],"tags":[],"class_list":["post-3560","post","type-post","status-publish","format-standard","hentry","category-ankuendigungen","category-heimatgeschichte"],"_links":{"self":[{"href":"http:\/\/www.westerwaldverein-daaden.de\/blog\/wp-json\/wp\/v2\/posts\/3560","targetHints":{"allow":["GET"]}}],"collection":[{"href":"http:\/\/www.westerwaldverein-daaden.de\/blog\/wp-json\/wp\/v2\/posts"}],"about":[{"href":"http:\/\/www.westerwaldverein-daaden.de\/blog\/wp-json\/wp\/v2\/types\/post"}],"author":[{"embeddable":true,"href":"http:\/\/www.westerwaldverein-daaden.de\/blog\/wp-json\/wp\/v2\/users\/2"}],"replies":[{"embeddable":true,"href":"http:\/\/www.westerwaldverein-daaden.de\/blog\/wp-json\/wp\/v2\/comments?post=3560"}],"version-history":[{"count":3,"href":"http:\/\/www.westerwaldverein-daaden.de\/blog\/wp-json\/wp\/v2\/posts\/3560\/revisions"}],"predecessor-version":[{"id":3571,"href":"http:\/\/www.westerwaldverein-daaden.de\/blog\/wp-json\/wp\/v2\/posts\/3560\/revisions\/3571"}],"wp:attachment":[{"href":"http:\/\/www.westerwaldverein-daaden.de\/blog\/wp-json\/wp\/v2\/media?parent=3560"}],"wp:term":[{"taxonomy":"category","embeddable":true,"href":"http:\/\/www.westerwaldverein-daaden.de\/blog\/wp-json\/wp\/v2\/categories?post=3560"},{"taxonomy":"post_tag","embeddable":true,"href":"http:\/\/www.westerwaldverein-daaden.de\/blog\/wp-json\/wp\/v2\/tags?post=3560"}],"curies":[{"name":"wp","href":"https:\/\/api.w.org\/{rel}","templated":true}]}}