{"id":3572,"date":"2021-11-13T00:23:02","date_gmt":"2021-11-12T23:23:02","guid":{"rendered":"http:\/\/www.westerwaldverein-daaden.de\/blog\/?p=3572"},"modified":"2021-11-28T14:17:41","modified_gmt":"2021-11-28T13:17:41","slug":"jahresabschlusswanderung-des-westerwald-vereins-daaden-2","status":"publish","type":"post","link":"http:\/\/www.westerwaldverein-daaden.de\/blog\/2021\/11\/13\/jahresabschlusswanderung-des-westerwald-vereins-daaden-2\/","title":{"rendered":"Corona bremst das gemeinsame Essen zum Jahresabschluss aus!"},"content":{"rendered":"<p>Durch die stark versch\u00e4rfte Situation bezgl. der Pandemie hat sich der WWV Daaden entschlossen, das gemeinsame Essen zur Jahresabschlusswanderung abzusagen. Zu einem sp\u00e4teren Zeitpunkt soll dies aber nachgeholt werden. Die geplante Wanderung am <strong>Sonntag, 5.Dezember<\/strong> wird aber durchgef\u00fchrt. Die Wanderfreunde werden gebeten auf jeden Fall Nasen- und Mundschutz mitzubringen.<\/p>\n<p>Es bleibt beim Treffpunkt auf dem Parkplatz am Rewemarkt <strong>um 10.00 Uhr<\/strong>. R\u00fcckfragen bitte an Wanderf\u00fchrer Gerhard G\u00f6rg, Tel. 02743\/3403. <\/p>\n<div style=\"background-color: #EEE; padding: 8px;\">\n<em><strong>Jahresabschlusswanderung des Westerwald-Vereins Daaden<\/strong><\/p>\n<p>In diesem Jahr k\u00f6nnen die Wanderfreunde des Daadener Landes sich wieder zu einer Abschlusswanderung treffen. Diese findet am <strong>Sonntag, 5. Dezember 2021<\/strong> statt und wird eine kurze Tour \u00fcber 3 bis 4 Kilometer sein. Abschlie\u00dfend ist vorgesehen, dass sich alle zum gemeinsamen Essen im Gasthof Bauckhage treffen. Hier wird dann ein sicher schwieriges Wanderjahr bei gem\u00fctlichem Beisammensein seinen Abschluss finden.<\/p>\n<p><strong>Treffpunkt ist um 10.00 Uhr auf dem Parkplatz des REWE-Marktes<\/strong>. Wanderf\u00fchrer Gerhard G\u00f6rg (Tel.-Nr. 02743\/3403) bittet, dass sich alle die am gemeinsamen Essen teilnehmen wollen bis Mittwoch, 1.Dezember, jedoch sp\u00e4testens bis Donnerstag, dem 2.Dezember bei ihm melden. Mund-Nasenschutz bitte mitbringen.<br \/>\n<strong>Achtung: Z.Zt. sind wieder neue Corona-Richtlinien der Landesregierung festgelegt. Das bedeutet, dass nicht 3G, sondern 2G in Gastst\u00e4tten zu beachten ist.<\/strong><\/em>\n<\/div>\n","protected":false},"excerpt":{"rendered":"<p>Durch die stark versch\u00e4rfte Situation bezgl. der Pandemie hat sich der WWV Daaden entschlossen, das gemeinsame Essen zur Jahresabschlusswanderung abzusagen. Zu einem sp\u00e4teren Zeitpunkt soll dies aber nachgeholt werden. Die geplante Wanderung am Sonntag, 5.Dezember wird aber durchgef\u00fchrt. Die Wanderfreunde werden gebeten auf jeden Fall Nasen- und Mundschutz mitzubringen. Es bleibt beim Treffpunkt auf dem [&hellip;]<\/p>\n","protected":false},"author":2,"featured_media":0,"comment_status":"closed","ping_status":"closed","sticky":false,"template":"","format":"standard","meta":{"footnotes":""},"categories":[2],"tags":[],"class_list":["post-3572","post","type-post","status-publish","format-standard","hentry","category-ankuendigungen"],"_links":{"self":[{"href":"http:\/\/www.westerwaldverein-daaden.de\/blog\/wp-json\/wp\/v2\/posts\/3572","targetHints":{"allow":["GET"]}}],"collection":[{"href":"http:\/\/www.westerwaldverein-daaden.de\/blog\/wp-json\/wp\/v2\/posts"}],"about":[{"href":"http:\/\/www.westerwaldverein-daaden.de\/blog\/wp-json\/wp\/v2\/types\/post"}],"author":[{"embeddable":true,"href":"http:\/\/www.westerwaldverein-daaden.de\/blog\/wp-json\/wp\/v2\/users\/2"}],"replies":[{"embeddable":true,"href":"http:\/\/www.westerwaldverein-daaden.de\/blog\/wp-json\/wp\/v2\/comments?post=3572"}],"version-history":[{"count":3,"href":"http:\/\/www.westerwaldverein-daaden.de\/blog\/wp-json\/wp\/v2\/posts\/3572\/revisions"}],"predecessor-version":[{"id":3582,"href":"http:\/\/www.westerwaldverein-daaden.de\/blog\/wp-json\/wp\/v2\/posts\/3572\/revisions\/3582"}],"wp:attachment":[{"href":"http:\/\/www.westerwaldverein-daaden.de\/blog\/wp-json\/wp\/v2\/media?parent=3572"}],"wp:term":[{"taxonomy":"category","embeddable":true,"href":"http:\/\/www.westerwaldverein-daaden.de\/blog\/wp-json\/wp\/v2\/categories?post=3572"},{"taxonomy":"post_tag","embeddable":true,"href":"http:\/\/www.westerwaldverein-daaden.de\/blog\/wp-json\/wp\/v2\/tags?post=3572"}],"curies":[{"name":"wp","href":"https:\/\/api.w.org\/{rel}","templated":true}]}}