{"id":3583,"date":"2021-12-13T12:12:05","date_gmt":"2021-12-13T11:12:05","guid":{"rendered":"http:\/\/www.westerwaldverein-daaden.de\/blog\/?p=3583"},"modified":"2021-12-14T15:39:06","modified_gmt":"2021-12-14T14:39:06","slug":"schlusswanderung-wegen-corona-mit-geringer-beteiligung","status":"publish","type":"post","link":"http:\/\/www.westerwaldverein-daaden.de\/blog\/2021\/12\/13\/schlusswanderung-wegen-corona-mit-geringer-beteiligung\/","title":{"rendered":"Schlusswanderung wegen Corona mit geringer Beteiligung"},"content":{"rendered":"<p>Nur 8 Wanderfreundinnen und Wanderfreunde konnte Gerhard G\u00f6rg am letzten Wandertag im Jahr 2021 bei der rund 4 Kilometer langen Tour begr\u00fc\u00dfen. So wie schon im vorigen Jahr hat auch diesmal die Pandemie die ganze Wandersaison total durcheinander gebracht. <\/p>\n<div class=\"center\"><img decoding=\"async\" src=\"\/blog\/wp-content\/uploads\/2021\/12\/schlusswanderung_2021.jpg\" alt=\"schlusswanderung_2021\" \/><\/div>\n<p>Noch im Sommer war Wanderf\u00fchrer Gerhard G\u00f6rg zuversichtlich und so konnte er auch einige Wanderungen f\u00fchren. Das Interesse war sehr gro\u00df, hatte man doch solange auf die beliebten gemeinsamen Touren verzichten m\u00fcssen.  Auf die jeweils abschlie\u00dfende Rast bei Kaffee und Kuchen hatte man ja schon wegen Corona verzichtet.  Auch f\u00fcr die diesj\u00e4hrige Abschlusswanderung war wegen den stark versch\u00e4rften Pandemie-Bedingungen das gemeinsame Essen abgesagt worden. Ein gem\u00fctliches Zusammensein der Wanderfreunde war somit nicht m\u00f6glich und die guten W\u00fcnsche f\u00fcr das neue Jahr konnten auch nicht angebracht werden. Dies geht also deshalb nur auf diesem Wege.<\/p>\n<p>Corona hat der Wanderbewegung im Westerwald-Verein Daaden auch in diesem Jahr wieder derart stark zugesetzt, dass dadurch die Beteiligung an den angebotenen Wanderungen massiv zur\u00fcck gegangen ist. Die Verantwortlichen und alle Wanderfreunde hoffen jetzt, dass doch im kommenden Jahr wieder normale Zust\u00e4nde einkehren.<\/p>\n","protected":false},"excerpt":{"rendered":"<p>Nur 8 Wanderfreundinnen und Wanderfreunde konnte Gerhard G\u00f6rg am letzten Wandertag im Jahr 2021 bei der rund 4 Kilometer langen Tour begr\u00fc\u00dfen. So wie schon im vorigen Jahr hat auch diesmal die Pandemie die ganze Wandersaison total durcheinander gebracht. Noch im Sommer war Wanderf\u00fchrer Gerhard G\u00f6rg zuversichtlich und so konnte er auch einige Wanderungen f\u00fchren. [&hellip;]<\/p>\n","protected":false},"author":2,"featured_media":0,"comment_status":"closed","ping_status":"closed","sticky":false,"template":"","format":"standard","meta":{"footnotes":""},"categories":[5],"tags":[],"class_list":["post-3583","post","type-post","status-publish","format-standard","hentry","category-wanderungen"],"_links":{"self":[{"href":"http:\/\/www.westerwaldverein-daaden.de\/blog\/wp-json\/wp\/v2\/posts\/3583","targetHints":{"allow":["GET"]}}],"collection":[{"href":"http:\/\/www.westerwaldverein-daaden.de\/blog\/wp-json\/wp\/v2\/posts"}],"about":[{"href":"http:\/\/www.westerwaldverein-daaden.de\/blog\/wp-json\/wp\/v2\/types\/post"}],"author":[{"embeddable":true,"href":"http:\/\/www.westerwaldverein-daaden.de\/blog\/wp-json\/wp\/v2\/users\/2"}],"replies":[{"embeddable":true,"href":"http:\/\/www.westerwaldverein-daaden.de\/blog\/wp-json\/wp\/v2\/comments?post=3583"}],"version-history":[{"count":2,"href":"http:\/\/www.westerwaldverein-daaden.de\/blog\/wp-json\/wp\/v2\/posts\/3583\/revisions"}],"predecessor-version":[{"id":3591,"href":"http:\/\/www.westerwaldverein-daaden.de\/blog\/wp-json\/wp\/v2\/posts\/3583\/revisions\/3591"}],"wp:attachment":[{"href":"http:\/\/www.westerwaldverein-daaden.de\/blog\/wp-json\/wp\/v2\/media?parent=3583"}],"wp:term":[{"taxonomy":"category","embeddable":true,"href":"http:\/\/www.westerwaldverein-daaden.de\/blog\/wp-json\/wp\/v2\/categories?post=3583"},{"taxonomy":"post_tag","embeddable":true,"href":"http:\/\/www.westerwaldverein-daaden.de\/blog\/wp-json\/wp\/v2\/tags?post=3583"}],"curies":[{"name":"wp","href":"https:\/\/api.w.org\/{rel}","templated":true}]}}