{"id":3598,"date":"2022-01-10T07:42:55","date_gmt":"2022-01-10T06:42:55","guid":{"rendered":"http:\/\/www.westerwaldverein-daaden.de\/blog\/?p=3598"},"modified":"2022-01-10T07:42:55","modified_gmt":"2022-01-10T06:42:55","slug":"einladung-zur-ersten-wanderung-im-neuen-jahr","status":"publish","type":"post","link":"http:\/\/www.westerwaldverein-daaden.de\/blog\/2022\/01\/10\/einladung-zur-ersten-wanderung-im-neuen-jahr\/","title":{"rendered":"Einladung zur ersten Wanderung im neuen Jahr"},"content":{"rendered":"<p>Wanderf\u00fchrer Gerhard G\u00f6rg hat die erste Wanderung des Westerwald-Vereins Daaden im neuen Jahr f\u00fcr <strong>Mittwoch, dem 19. Januar 2022<\/strong> als Rundwanderung rund um Derschen vorbereitet. <\/p>\n<p>Treffpunkt ist <strong>um 13.30 Uhr<\/strong> am Parkplatz\/Festplatz in Daaden oder um 13.45 Uhr direkt in Derschen am Sportplatz. Die Wanderung wird entsprechend der g\u00fcltigen Hygienevorschriften durchgef\u00fchrt. <\/p>\n<p>F\u00fcr eine gemeinsame Einkehr nach der Wanderung gilt 2G plus. R\u00fcckfragen bitte an Wanderf\u00fchrer Gerhard G\u00f6rg, Tel.-Nr. 02743\/3403.<\/p>\n","protected":false},"excerpt":{"rendered":"<p>Wanderf\u00fchrer Gerhard G\u00f6rg hat die erste Wanderung des Westerwald-Vereins Daaden im neuen Jahr f\u00fcr Mittwoch, dem 19. Januar 2022 als Rundwanderung rund um Derschen vorbereitet. Treffpunkt ist um 13.30 Uhr am Parkplatz\/Festplatz in Daaden oder um 13.45 Uhr direkt in Derschen am Sportplatz. Die Wanderung wird entsprechend der g\u00fcltigen Hygienevorschriften durchgef\u00fchrt. F\u00fcr eine gemeinsame Einkehr [&hellip;]<\/p>\n","protected":false},"author":2,"featured_media":0,"comment_status":"closed","ping_status":"closed","sticky":false,"template":"","format":"standard","meta":{"footnotes":""},"categories":[2],"tags":[],"class_list":["post-3598","post","type-post","status-publish","format-standard","hentry","category-ankuendigungen"],"_links":{"self":[{"href":"http:\/\/www.westerwaldverein-daaden.de\/blog\/wp-json\/wp\/v2\/posts\/3598","targetHints":{"allow":["GET"]}}],"collection":[{"href":"http:\/\/www.westerwaldverein-daaden.de\/blog\/wp-json\/wp\/v2\/posts"}],"about":[{"href":"http:\/\/www.westerwaldverein-daaden.de\/blog\/wp-json\/wp\/v2\/types\/post"}],"author":[{"embeddable":true,"href":"http:\/\/www.westerwaldverein-daaden.de\/blog\/wp-json\/wp\/v2\/users\/2"}],"replies":[{"embeddable":true,"href":"http:\/\/www.westerwaldverein-daaden.de\/blog\/wp-json\/wp\/v2\/comments?post=3598"}],"version-history":[{"count":1,"href":"http:\/\/www.westerwaldverein-daaden.de\/blog\/wp-json\/wp\/v2\/posts\/3598\/revisions"}],"predecessor-version":[{"id":3599,"href":"http:\/\/www.westerwaldverein-daaden.de\/blog\/wp-json\/wp\/v2\/posts\/3598\/revisions\/3599"}],"wp:attachment":[{"href":"http:\/\/www.westerwaldverein-daaden.de\/blog\/wp-json\/wp\/v2\/media?parent=3598"}],"wp:term":[{"taxonomy":"category","embeddable":true,"href":"http:\/\/www.westerwaldverein-daaden.de\/blog\/wp-json\/wp\/v2\/categories?post=3598"},{"taxonomy":"post_tag","embeddable":true,"href":"http:\/\/www.westerwaldverein-daaden.de\/blog\/wp-json\/wp\/v2\/tags?post=3598"}],"curies":[{"name":"wp","href":"https:\/\/api.w.org\/{rel}","templated":true}]}}