{"id":3601,"date":"2022-01-29T12:55:40","date_gmt":"2022-01-29T11:55:40","guid":{"rendered":"http:\/\/www.westerwaldverein-daaden.de\/blog\/?p=3601"},"modified":"2022-01-29T12:56:17","modified_gmt":"2022-01-29T11:56:17","slug":"erste-wanderung-des-westerwald-vereins-daaden-im-neuen-jahr","status":"publish","type":"post","link":"http:\/\/www.westerwaldverein-daaden.de\/blog\/2022\/01\/29\/erste-wanderung-des-westerwald-vereins-daaden-im-neuen-jahr\/","title":{"rendered":"Erste Wanderung des Westerwald-Vereins Daaden im neuen Jahr"},"content":{"rendered":"<p>Die erste Wanderung sollte eigentlich eine sch\u00f6ne Winterwanderung rund um Derschen werden. Doch leider hatte sich der Winter, gew\u00fcnscht hatte sich Wanderf\u00fchrer Gerhard G\u00f6rg viel Schnee auf den H\u00f6hen des Daadener Landes, schon wieder verabschiedet. \u00dcbrig waren  tief verschlammte und morastige  Wanderwege geblieben, die man nur schlecht  begehen konnte. Somit  musste die vorgesehene Wanderroute ge\u00e4ndert werden. Die Wanderf\u00fchrer entschieden sich dann f\u00fcr eine Alternativstrecke rund um Daaden.  <\/p>\n<div class=\"center\"><a href=\"\/blog\/wp-content\/uploads\/2022\/01\/wanderung_derschen_2022-01-15.jpg\" data-rel=\"lightbox-gallery-ysxWLbnk\" data-rl_title=\"\" data-rl_caption=\"\" title=\"\"><img decoding=\"async\" src=\"\/blog\/wp-content\/uploads\/2022\/01\/wanderung_derschen_2022-01-15-400x300.jpg\" alt=\"wanderung_derschen_2022-01-15\" \/><\/a><br \/><small>(Zum Vergr\u00f6\u00dfern anklicken)<\/small><\/div>\n<p>Entsprechend der Vorschriften ist es ja immer noch erforderlich, dass sich Wandergruppen nur zu 10 Personen zusammen tun d\u00fcrfen. Somit muss dann bei mehr als 10 Wanderern die Gruppe geteilt werden. Die Wanderung mit vielen sch\u00f6nen Aussichten \u00fcber Daaden hat aber trotz der Umst\u00e4nde wieder Spa\u00df gemacht. <\/p>\n<p>Hinweisen m\u00f6chte der WWV Daaden schon jetzt auf die n\u00e4chste Wanderung, die dann am 9. Februar im Bereich Marienstatt stattfindet.  <\/p>\n","protected":false},"excerpt":{"rendered":"<p>Die erste Wanderung sollte eigentlich eine sch\u00f6ne Winterwanderung rund um Derschen werden. Doch leider hatte sich der Winter, gew\u00fcnscht hatte sich Wanderf\u00fchrer Gerhard G\u00f6rg viel Schnee auf den H\u00f6hen des Daadener Landes, schon wieder verabschiedet. \u00dcbrig waren tief verschlammte und morastige Wanderwege geblieben, die man nur schlecht begehen konnte. Somit musste die vorgesehene Wanderroute ge\u00e4ndert [&hellip;]<\/p>\n","protected":false},"author":2,"featured_media":0,"comment_status":"closed","ping_status":"closed","sticky":false,"template":"","format":"standard","meta":{"footnotes":""},"categories":[5],"tags":[],"class_list":["post-3601","post","type-post","status-publish","format-standard","hentry","category-wanderungen"],"_links":{"self":[{"href":"http:\/\/www.westerwaldverein-daaden.de\/blog\/wp-json\/wp\/v2\/posts\/3601","targetHints":{"allow":["GET"]}}],"collection":[{"href":"http:\/\/www.westerwaldverein-daaden.de\/blog\/wp-json\/wp\/v2\/posts"}],"about":[{"href":"http:\/\/www.westerwaldverein-daaden.de\/blog\/wp-json\/wp\/v2\/types\/post"}],"author":[{"embeddable":true,"href":"http:\/\/www.westerwaldverein-daaden.de\/blog\/wp-json\/wp\/v2\/users\/2"}],"replies":[{"embeddable":true,"href":"http:\/\/www.westerwaldverein-daaden.de\/blog\/wp-json\/wp\/v2\/comments?post=3601"}],"version-history":[{"count":2,"href":"http:\/\/www.westerwaldverein-daaden.de\/blog\/wp-json\/wp\/v2\/posts\/3601\/revisions"}],"predecessor-version":[{"id":3604,"href":"http:\/\/www.westerwaldverein-daaden.de\/blog\/wp-json\/wp\/v2\/posts\/3601\/revisions\/3604"}],"wp:attachment":[{"href":"http:\/\/www.westerwaldverein-daaden.de\/blog\/wp-json\/wp\/v2\/media?parent=3601"}],"wp:term":[{"taxonomy":"category","embeddable":true,"href":"http:\/\/www.westerwaldverein-daaden.de\/blog\/wp-json\/wp\/v2\/categories?post=3601"},{"taxonomy":"post_tag","embeddable":true,"href":"http:\/\/www.westerwaldverein-daaden.de\/blog\/wp-json\/wp\/v2\/tags?post=3601"}],"curies":[{"name":"wp","href":"https:\/\/api.w.org\/{rel}","templated":true}]}}