{"id":3605,"date":"2022-01-29T12:58:13","date_gmt":"2022-01-29T11:58:13","guid":{"rendered":"http:\/\/www.westerwaldverein-daaden.de\/blog\/?p=3605"},"modified":"2022-01-29T12:58:13","modified_gmt":"2022-01-29T11:58:13","slug":"im-bereich-des-klosters-marienstatt-findet-naechste-wanderung-statt","status":"publish","type":"post","link":"http:\/\/www.westerwaldverein-daaden.de\/blog\/2022\/01\/29\/im-bereich-des-klosters-marienstatt-findet-naechste-wanderung-statt\/","title":{"rendered":"Im Bereich des Klosters Marienstatt findet n\u00e4chste Wanderung statt!"},"content":{"rendered":"<p>Die n\u00e4chste Wanderung der Seniorengruppe des Westerwald-Vereins Daaden  f\u00fchrt am <strong>Mittwoch, 9. Februar 2022<\/strong> zum Kloster Marienstatt. Hier hat Wanderf\u00fchrer Gerhard G\u00f6rg eine zirka 5 Kilometer lange Rundwanderung vorbereitet. Wesentliche Teile der Route f\u00fchren an der Nister entlang. Sollten mehr als 10 Personen an der Wanderung teilnehmen, so wird die Gruppe entsprechend den g\u00fcltigen Hygiene-Vorschriften aufgeteilt (der Impfstatus wird wie bei der ersten Wanderung erfasst).<\/p>\n<p>Treffpunkt ist <strong>um 13.30 Uhr<\/strong> am Parkplatz\/Festplatz in Daaden oder um 14.00 Uhr direkt am Kloster. Es ist zum Abschluss eine Einkehr im Brauhaus beim Kloster vorgesehen. Hierf\u00fcr gilt dann <strong>2G plus<\/strong> und nat\u00fcrlich sind generell Mund- und Nasenschutz erforderlich. <\/p>\n<p>F\u00fcr weitere R\u00fcckfragen steht Gerhard G\u00f6rg (Tel. 02743\/3403) gerne zur Verf\u00fcgung.<\/p>\n","protected":false},"excerpt":{"rendered":"<p>Die n\u00e4chste Wanderung der Seniorengruppe des Westerwald-Vereins Daaden f\u00fchrt am Mittwoch, 9. Februar 2022 zum Kloster Marienstatt. Hier hat Wanderf\u00fchrer Gerhard G\u00f6rg eine zirka 5 Kilometer lange Rundwanderung vorbereitet. Wesentliche Teile der Route f\u00fchren an der Nister entlang. Sollten mehr als 10 Personen an der Wanderung teilnehmen, so wird die Gruppe entsprechend den g\u00fcltigen Hygiene-Vorschriften [&hellip;]<\/p>\n","protected":false},"author":2,"featured_media":0,"comment_status":"closed","ping_status":"closed","sticky":false,"template":"","format":"standard","meta":{"footnotes":""},"categories":[2],"tags":[],"class_list":["post-3605","post","type-post","status-publish","format-standard","hentry","category-ankuendigungen"],"_links":{"self":[{"href":"http:\/\/www.westerwaldverein-daaden.de\/blog\/wp-json\/wp\/v2\/posts\/3605","targetHints":{"allow":["GET"]}}],"collection":[{"href":"http:\/\/www.westerwaldverein-daaden.de\/blog\/wp-json\/wp\/v2\/posts"}],"about":[{"href":"http:\/\/www.westerwaldverein-daaden.de\/blog\/wp-json\/wp\/v2\/types\/post"}],"author":[{"embeddable":true,"href":"http:\/\/www.westerwaldverein-daaden.de\/blog\/wp-json\/wp\/v2\/users\/2"}],"replies":[{"embeddable":true,"href":"http:\/\/www.westerwaldverein-daaden.de\/blog\/wp-json\/wp\/v2\/comments?post=3605"}],"version-history":[{"count":1,"href":"http:\/\/www.westerwaldverein-daaden.de\/blog\/wp-json\/wp\/v2\/posts\/3605\/revisions"}],"predecessor-version":[{"id":3606,"href":"http:\/\/www.westerwaldverein-daaden.de\/blog\/wp-json\/wp\/v2\/posts\/3605\/revisions\/3606"}],"wp:attachment":[{"href":"http:\/\/www.westerwaldverein-daaden.de\/blog\/wp-json\/wp\/v2\/media?parent=3605"}],"wp:term":[{"taxonomy":"category","embeddable":true,"href":"http:\/\/www.westerwaldverein-daaden.de\/blog\/wp-json\/wp\/v2\/categories?post=3605"},{"taxonomy":"post_tag","embeddable":true,"href":"http:\/\/www.westerwaldverein-daaden.de\/blog\/wp-json\/wp\/v2\/tags?post=3605"}],"curies":[{"name":"wp","href":"https:\/\/api.w.org\/{rel}","templated":true}]}}