{"id":3633,"date":"2022-04-15T10:15:33","date_gmt":"2022-04-15T09:15:33","guid":{"rendered":"http:\/\/www.westerwaldverein-daaden.de\/blog\/?p=3633"},"modified":"2022-04-15T10:17:03","modified_gmt":"2022-04-15T09:17:03","slug":"einladung-zur-jahreshauptversammlung-2022","status":"publish","type":"post","link":"http:\/\/www.westerwaldverein-daaden.de\/blog\/2022\/04\/15\/einladung-zur-jahreshauptversammlung-2022\/","title":{"rendered":"Einladung zur Jahreshauptversammlung 2022"},"content":{"rendered":"<p><strong>Wann: Freitag, den 20. Mai 2022 um 18.00 Uhr<\/strong><br \/>\n<strong>Wo: Gasthof Koch in Daaden<\/strong><\/p>\n<p><strong>Tagesordnung:<\/strong><\/p>\n<ol>\n<li>Er\u00f6ffnung und Begr\u00fc\u00dfung durch den Vorsitzenden<\/li>\n<li>Totenehrung<\/li>\n<li>Mitgliederehrungen<\/li>\n<li>a) Bericht des Vorsitzenden<br \/>\nb) Bericht des Wanderwartes<br \/>\nc) Bericht des Wege- und Naturschutzwartes<br \/>\nd) Bericht Arbeitskreis \u201eHeimatgeschichte Daadener Land\u201c<br \/>\nAnschlie\u00dfend Aussprache \u00fcber Berichte<\/li>\n<li>Bericht des Schatzmeisters und der Kassenpr\u00fcfer<br \/>\nAussprache und Entlastung Vorstandes<\/li>\n<li>Neuwahl des Vorstands<\/li>\n<li>Beschlussfassung zugelassener Mitglieder-Antr\u00e4ge<br \/>\nDie Antr\u00e4ge m\u00fcssen bis sp\u00e4testens 16. Mai 2022 beim Vorsitzenden vorliegen.\n<\/li>\n<li>Verschiedenes<\/li>\n<\/ol>\n<p><strong>Familienabend:<\/strong><\/p>\n<p>Im Anschluss an die Jahreshauptversammlung sind alle Mitglieder mit ihren Partnern und Bekannten zum Familienabend herzlich eingeladen. Ebenso sind auch alle Heimat- und Wanderfreunde, die sich dem Westerwald-Verein Daaden, also dem Wandern und\/oder dem Arbeitskreis Heimatgeschichte verbunden f\u00fchlen, herzlich eingeladen. <\/p>\n","protected":false},"excerpt":{"rendered":"<p>Wann: Freitag, den 20. Mai 2022 um 18.00 Uhr Wo: Gasthof Koch in Daaden Tagesordnung: Er\u00f6ffnung und Begr\u00fc\u00dfung durch den Vorsitzenden Totenehrung Mitgliederehrungen a) Bericht des Vorsitzenden b) Bericht des Wanderwartes c) Bericht des Wege- und Naturschutzwartes d) Bericht Arbeitskreis \u201eHeimatgeschichte Daadener Land\u201c Anschlie\u00dfend Aussprache \u00fcber Berichte Bericht des Schatzmeisters und der Kassenpr\u00fcfer Aussprache und [&hellip;]<\/p>\n","protected":false},"author":2,"featured_media":0,"comment_status":"closed","ping_status":"closed","sticky":false,"template":"","format":"standard","meta":{"footnotes":""},"categories":[1,2],"tags":[],"class_list":["post-3633","post","type-post","status-publish","format-standard","hentry","category-allgemein","category-ankuendigungen"],"_links":{"self":[{"href":"http:\/\/www.westerwaldverein-daaden.de\/blog\/wp-json\/wp\/v2\/posts\/3633","targetHints":{"allow":["GET"]}}],"collection":[{"href":"http:\/\/www.westerwaldverein-daaden.de\/blog\/wp-json\/wp\/v2\/posts"}],"about":[{"href":"http:\/\/www.westerwaldverein-daaden.de\/blog\/wp-json\/wp\/v2\/types\/post"}],"author":[{"embeddable":true,"href":"http:\/\/www.westerwaldverein-daaden.de\/blog\/wp-json\/wp\/v2\/users\/2"}],"replies":[{"embeddable":true,"href":"http:\/\/www.westerwaldverein-daaden.de\/blog\/wp-json\/wp\/v2\/comments?post=3633"}],"version-history":[{"count":2,"href":"http:\/\/www.westerwaldverein-daaden.de\/blog\/wp-json\/wp\/v2\/posts\/3633\/revisions"}],"predecessor-version":[{"id":3636,"href":"http:\/\/www.westerwaldverein-daaden.de\/blog\/wp-json\/wp\/v2\/posts\/3633\/revisions\/3636"}],"wp:attachment":[{"href":"http:\/\/www.westerwaldverein-daaden.de\/blog\/wp-json\/wp\/v2\/media?parent=3633"}],"wp:term":[{"taxonomy":"category","embeddable":true,"href":"http:\/\/www.westerwaldverein-daaden.de\/blog\/wp-json\/wp\/v2\/categories?post=3633"},{"taxonomy":"post_tag","embeddable":true,"href":"http:\/\/www.westerwaldverein-daaden.de\/blog\/wp-json\/wp\/v2\/tags?post=3633"}],"curies":[{"name":"wp","href":"https:\/\/api.w.org\/{rel}","templated":true}]}}