{"id":3713,"date":"2022-08-25T20:49:57","date_gmt":"2022-08-25T19:49:57","guid":{"rendered":"http:\/\/www.westerwaldverein-daaden.de\/blog\/?p=3713"},"modified":"2022-09-02T14:48:18","modified_gmt":"2022-09-02T13:48:18","slug":"waldgottesdienst-und-familientag","status":"publish","type":"post","link":"http:\/\/www.westerwaldverein-daaden.de\/blog\/2022\/08\/25\/waldgottesdienst-und-familientag\/","title":{"rendered":"Waldgottesdienst und Familientag"},"content":{"rendered":"<div style=\"line-height: 1.5; text-align: center; font-size: large; padding: 10px; margin: 10px; background-color: #FF0;\">\n<u>Bitte beachten:<\/u><br \/>\nDer Waldgottesdienst und Familientag findet an der <strong>Wilhelm-Fischbach-H\u00fctte<\/strong> statt!\n<\/div>\n<p>Nachdem in den vergangenen 2 Jahren sowohl der Waldgottesdienst wie auch der Familientag des Westerwald-Vereins Daaden wegen der Pandemie ausfallen musste, k\u00f6nnen in diesem Jahr wieder beide Veranstaltungen stattfinden. So werden auch hoffentlich wieder zahlreiche Besucher am  <strong>Sonntag, den 4. September 2022<\/strong> den Weg zur <strong>Wilhelm-Fischbach-H\u00fctte<\/strong> finden.<\/p>\n<p><strong>Der Waldgottesdienst beginnt um 10.00 Uhr.<\/strong> Auch diesmal wird es sicher ein sehr sch\u00f6ner  Gottesdienst werden, zu dem u.a. der Gemischte Chor Daaden mit einigen Liedern und Hartmut Sturm mit seiner Trompete beitragen wird. Eine Besonderheit wird es ebenfalls geben: Es besteht der Wunsch von einem Elternpaar, ihren Sohn hier beim Waldgottesdienst taufen zu lassen. <\/p>\n<p>Im Anschluss an den Gottesdienst l\u00e4dt der Westerwald-Verein Daaden die Mitglieder, die anwesenden Gottesdienstbesucher, sowie alle Wander- und Heimatfreunde zum Familientag ein. Mittags wird wieder ein Imbiss angeboten und f\u00fcr Getr\u00e4nke ist auch reichlich gesorgt. Bei Kaffee und Kuchen ist jedenfalls dann danach Gelegenheit f\u00fcr kurzweiligen Gedankenaustausch unter den Heimat- und Wanderfreunden. Vielleicht gibt es ja auch noch am Nachmittag eine \u00dcberraschung, die zur guten Unterhaltung beitr\u00e4gt.<\/p>\n<p>Soweit m\u00f6glich, werden diejenigen Besucher gebeten, die am  Mittagsimbiss teilnehmen wollen, Tasse und Besteck usw. mitzubringen. Bekanntlich sind ja Bestecke und Geschirr aus Plastik nicht mehr erlaubt, Pappteller und auch einige Pappbecher f\u00fcr Kaffee sind zwar vorhanden, aber nicht bei jedem beliebt. <\/p>\n","protected":false},"excerpt":{"rendered":"<p>Bitte beachten: Der Waldgottesdienst und Familientag findet an der Wilhelm-Fischbach-H\u00fctte statt! Nachdem in den vergangenen 2 Jahren sowohl der Waldgottesdienst wie auch der Familientag des Westerwald-Vereins Daaden wegen der Pandemie ausfallen musste, k\u00f6nnen in diesem Jahr wieder beide Veranstaltungen stattfinden. So werden auch hoffentlich wieder zahlreiche Besucher am Sonntag, den 4. September 2022 den Weg [&hellip;]<\/p>\n","protected":false},"author":2,"featured_media":0,"comment_status":"closed","ping_status":"closed","sticky":false,"template":"","format":"standard","meta":{"footnotes":""},"categories":[2],"tags":[],"class_list":["post-3713","post","type-post","status-publish","format-standard","hentry","category-ankuendigungen"],"_links":{"self":[{"href":"http:\/\/www.westerwaldverein-daaden.de\/blog\/wp-json\/wp\/v2\/posts\/3713","targetHints":{"allow":["GET"]}}],"collection":[{"href":"http:\/\/www.westerwaldverein-daaden.de\/blog\/wp-json\/wp\/v2\/posts"}],"about":[{"href":"http:\/\/www.westerwaldverein-daaden.de\/blog\/wp-json\/wp\/v2\/types\/post"}],"author":[{"embeddable":true,"href":"http:\/\/www.westerwaldverein-daaden.de\/blog\/wp-json\/wp\/v2\/users\/2"}],"replies":[{"embeddable":true,"href":"http:\/\/www.westerwaldverein-daaden.de\/blog\/wp-json\/wp\/v2\/comments?post=3713"}],"version-history":[{"count":3,"href":"http:\/\/www.westerwaldverein-daaden.de\/blog\/wp-json\/wp\/v2\/posts\/3713\/revisions"}],"predecessor-version":[{"id":3723,"href":"http:\/\/www.westerwaldverein-daaden.de\/blog\/wp-json\/wp\/v2\/posts\/3713\/revisions\/3723"}],"wp:attachment":[{"href":"http:\/\/www.westerwaldverein-daaden.de\/blog\/wp-json\/wp\/v2\/media?parent=3713"}],"wp:term":[{"taxonomy":"category","embeddable":true,"href":"http:\/\/www.westerwaldverein-daaden.de\/blog\/wp-json\/wp\/v2\/categories?post=3713"},{"taxonomy":"post_tag","embeddable":true,"href":"http:\/\/www.westerwaldverein-daaden.de\/blog\/wp-json\/wp\/v2\/tags?post=3713"}],"curies":[{"name":"wp","href":"https:\/\/api.w.org\/{rel}","templated":true}]}}