{"id":3774,"date":"2022-11-18T12:43:29","date_gmt":"2022-11-18T11:43:29","guid":{"rendered":"http:\/\/www.westerwaldverein-daaden.de\/blog\/?p=3774"},"modified":"2022-11-18T12:43:29","modified_gmt":"2022-11-18T11:43:29","slug":"jahres-abschlusswanderung-des-westerwald-verein-daaden","status":"publish","type":"post","link":"http:\/\/www.westerwaldverein-daaden.de\/blog\/2022\/11\/18\/jahres-abschlusswanderung-des-westerwald-verein-daaden\/","title":{"rendered":"Jahres-Abschlusswanderung des Westerwald-Verein Daaden"},"content":{"rendered":"<p>Zum Jahresabschluss hat Wanderf\u00fchrer Gerhard G\u00f6rg eine Rundwanderung im Bereich Biersdorf vorbereitet. Diese Halbtageswanderung am <strong>Sonntag, dem 4.Dezember 2022<\/strong> startet um <strong>10.00 Uhr<\/strong> am Parkplatz der B\u00fcrgerhalle in Biersdorf und ist zirka 4,5 Kilometer lang. Gegen <strong>12.00 Uhr<\/strong> ist die R\u00fcckkehr an der B\u00fcrgerhalle vorgesehen, wo dann zum Abschluss des Wanderjahres 2022 zu einem gemeinsamen Mittagessen eingekehrt wird. <\/p>\n<p><strong>Alle Wanderfreunde die am Mittagessen teilnehmen wollen, sollten sich bis sp\u00e4testens Donnerstag, dem 1. Dezember bei Gerhard G\u00f6rg (Tel.02743\/3403) angemeldet haben. Die Anmeldung gilt auch f\u00fcr alle, die nur am Essen teilnehmen wollen.<\/strong> Auch sie sollten bis 12.00 Uhr an der B\u00fcrgerhalle sein.<\/p>\n","protected":false},"excerpt":{"rendered":"<p>Zum Jahresabschluss hat Wanderf\u00fchrer Gerhard G\u00f6rg eine Rundwanderung im Bereich Biersdorf vorbereitet. Diese Halbtageswanderung am Sonntag, dem 4.Dezember 2022 startet um 10.00 Uhr am Parkplatz der B\u00fcrgerhalle in Biersdorf und ist zirka 4,5 Kilometer lang. Gegen 12.00 Uhr ist die R\u00fcckkehr an der B\u00fcrgerhalle vorgesehen, wo dann zum Abschluss des Wanderjahres 2022 zu einem gemeinsamen [&hellip;]<\/p>\n","protected":false},"author":2,"featured_media":0,"comment_status":"closed","ping_status":"closed","sticky":false,"template":"","format":"standard","meta":{"footnotes":""},"categories":[2],"tags":[],"class_list":["post-3774","post","type-post","status-publish","format-standard","hentry","category-ankuendigungen"],"_links":{"self":[{"href":"http:\/\/www.westerwaldverein-daaden.de\/blog\/wp-json\/wp\/v2\/posts\/3774","targetHints":{"allow":["GET"]}}],"collection":[{"href":"http:\/\/www.westerwaldverein-daaden.de\/blog\/wp-json\/wp\/v2\/posts"}],"about":[{"href":"http:\/\/www.westerwaldverein-daaden.de\/blog\/wp-json\/wp\/v2\/types\/post"}],"author":[{"embeddable":true,"href":"http:\/\/www.westerwaldverein-daaden.de\/blog\/wp-json\/wp\/v2\/users\/2"}],"replies":[{"embeddable":true,"href":"http:\/\/www.westerwaldverein-daaden.de\/blog\/wp-json\/wp\/v2\/comments?post=3774"}],"version-history":[{"count":1,"href":"http:\/\/www.westerwaldverein-daaden.de\/blog\/wp-json\/wp\/v2\/posts\/3774\/revisions"}],"predecessor-version":[{"id":3775,"href":"http:\/\/www.westerwaldverein-daaden.de\/blog\/wp-json\/wp\/v2\/posts\/3774\/revisions\/3775"}],"wp:attachment":[{"href":"http:\/\/www.westerwaldverein-daaden.de\/blog\/wp-json\/wp\/v2\/media?parent=3774"}],"wp:term":[{"taxonomy":"category","embeddable":true,"href":"http:\/\/www.westerwaldverein-daaden.de\/blog\/wp-json\/wp\/v2\/categories?post=3774"},{"taxonomy":"post_tag","embeddable":true,"href":"http:\/\/www.westerwaldverein-daaden.de\/blog\/wp-json\/wp\/v2\/tags?post=3774"}],"curies":[{"name":"wp","href":"https:\/\/api.w.org\/{rel}","templated":true}]}}