{"id":3780,"date":"2023-01-02T08:45:33","date_gmt":"2023-01-02T07:45:33","guid":{"rendered":"http:\/\/www.westerwaldverein-daaden.de\/blog\/?p=3780"},"modified":"2023-01-02T08:45:33","modified_gmt":"2023-01-02T07:45:33","slug":"wanderjahr-beginnt-mit-stadtwanderung-in-und-um-daaden","status":"publish","type":"post","link":"http:\/\/www.westerwaldverein-daaden.de\/blog\/2023\/01\/02\/wanderjahr-beginnt-mit-stadtwanderung-in-und-um-daaden\/","title":{"rendered":"Wanderjahr beginnt mit Stadtwanderung in und um Daaden"},"content":{"rendered":"<p>Gem\u00fctlich, sicher interessant und nicht anstrengend, so beginnt das Wanderjahr 2023. Einen  Rundgang in und um Daaden hat Wanderf\u00fchrer Gerhard G\u00f6rg f\u00fcr die Senioren und auch f\u00fcr alle anderen interessierten Wanderfreunde f\u00fcr <strong>Sonntag, 8. Januar 2023<\/strong> vorbereitet. Am Ende der Wanderung ist dann auch wieder ein Einkehr vorgesehen.<\/p>\n<p>Treffpunkt ist <strong>um 13.30 Uhr am Parkplatz\/Festplatz<\/strong> in Daaden. R\u00fcckfragen wie bekannt bitte an Gerhard G\u00f6rg, Tel. 02743\/3403.<\/p>\n","protected":false},"excerpt":{"rendered":"<p>Gem\u00fctlich, sicher interessant und nicht anstrengend, so beginnt das Wanderjahr 2023. Einen Rundgang in und um Daaden hat Wanderf\u00fchrer Gerhard G\u00f6rg f\u00fcr die Senioren und auch f\u00fcr alle anderen interessierten Wanderfreunde f\u00fcr Sonntag, 8. Januar 2023 vorbereitet. Am Ende der Wanderung ist dann auch wieder ein Einkehr vorgesehen. Treffpunkt ist um 13.30 Uhr am Parkplatz\/Festplatz [&hellip;]<\/p>\n","protected":false},"author":2,"featured_media":0,"comment_status":"closed","ping_status":"closed","sticky":false,"template":"","format":"standard","meta":{"footnotes":""},"categories":[2],"tags":[],"class_list":["post-3780","post","type-post","status-publish","format-standard","hentry","category-ankuendigungen"],"_links":{"self":[{"href":"http:\/\/www.westerwaldverein-daaden.de\/blog\/wp-json\/wp\/v2\/posts\/3780","targetHints":{"allow":["GET"]}}],"collection":[{"href":"http:\/\/www.westerwaldverein-daaden.de\/blog\/wp-json\/wp\/v2\/posts"}],"about":[{"href":"http:\/\/www.westerwaldverein-daaden.de\/blog\/wp-json\/wp\/v2\/types\/post"}],"author":[{"embeddable":true,"href":"http:\/\/www.westerwaldverein-daaden.de\/blog\/wp-json\/wp\/v2\/users\/2"}],"replies":[{"embeddable":true,"href":"http:\/\/www.westerwaldverein-daaden.de\/blog\/wp-json\/wp\/v2\/comments?post=3780"}],"version-history":[{"count":1,"href":"http:\/\/www.westerwaldverein-daaden.de\/blog\/wp-json\/wp\/v2\/posts\/3780\/revisions"}],"predecessor-version":[{"id":3781,"href":"http:\/\/www.westerwaldverein-daaden.de\/blog\/wp-json\/wp\/v2\/posts\/3780\/revisions\/3781"}],"wp:attachment":[{"href":"http:\/\/www.westerwaldverein-daaden.de\/blog\/wp-json\/wp\/v2\/media?parent=3780"}],"wp:term":[{"taxonomy":"category","embeddable":true,"href":"http:\/\/www.westerwaldverein-daaden.de\/blog\/wp-json\/wp\/v2\/categories?post=3780"},{"taxonomy":"post_tag","embeddable":true,"href":"http:\/\/www.westerwaldverein-daaden.de\/blog\/wp-json\/wp\/v2\/tags?post=3780"}],"curies":[{"name":"wp","href":"https:\/\/api.w.org\/{rel}","templated":true}]}}