{"id":3783,"date":"2023-01-09T16:38:43","date_gmt":"2023-01-09T15:38:43","guid":{"rendered":"http:\/\/www.westerwaldverein-daaden.de\/blog\/?p=3783"},"modified":"2023-01-09T16:38:43","modified_gmt":"2023-01-09T15:38:43","slug":"seniorengruppe-wandert-auf-der-kleinen-roten-loewenspur","status":"publish","type":"post","link":"http:\/\/www.westerwaldverein-daaden.de\/blog\/2023\/01\/09\/seniorengruppe-wandert-auf-der-kleinen-roten-loewenspur\/","title":{"rendered":"Seniorengruppe wandert auf der \u201eKleinen roten L\u00f6wenspur\u201c"},"content":{"rendered":"<p>Eine sch\u00f6ne Rundwanderung hat Wanderf\u00fchrer Gerhard G\u00f6rg diesmal in Hachenburg f\u00fcr <strong>Mittwoch, den 18. Januar 2023<\/strong> vorbereitet.  Am Parkplatz Burggarten (dieser liegt unterhalb vom Parkgel\u00e4nde) beginnt diese Wanderung, gekennzeichnet als Wanderweg auf der <strong>\u201eKleinen roten L\u00f6wenspur\u201c<\/strong> mit einer L\u00e4nge von knapp 6 Kilometer. Eine interessante Tour auf den H\u00f6hen des Westerwaldes mit sch\u00f6nen Aussichten. Nat\u00fcrlich ist auch wieder nach dem Wandern eine Einkehr in einem Cafe vorgesehen, und zwar in der Innenstadt von Hachenburg.<\/p>\n<p><strong>Treffpunkt 13.30 Uhr am Parkplatz\/Festplatz in Daaden oder um 14.00 Uhr direkt am Burggarten in Hachenburg.<\/strong><br \/>\nR\u00fcckfragen bitte an Gerhard G\u00f6rg, Tel. 02743\/3403<\/p>\n","protected":false},"excerpt":{"rendered":"<p>Eine sch\u00f6ne Rundwanderung hat Wanderf\u00fchrer Gerhard G\u00f6rg diesmal in Hachenburg f\u00fcr Mittwoch, den 18. Januar 2023 vorbereitet. Am Parkplatz Burggarten (dieser liegt unterhalb vom Parkgel\u00e4nde) beginnt diese Wanderung, gekennzeichnet als Wanderweg auf der \u201eKleinen roten L\u00f6wenspur\u201c mit einer L\u00e4nge von knapp 6 Kilometer. Eine interessante Tour auf den H\u00f6hen des Westerwaldes mit sch\u00f6nen Aussichten. Nat\u00fcrlich [&hellip;]<\/p>\n","protected":false},"author":2,"featured_media":0,"comment_status":"closed","ping_status":"closed","sticky":false,"template":"","format":"standard","meta":{"footnotes":""},"categories":[2],"tags":[],"class_list":["post-3783","post","type-post","status-publish","format-standard","hentry","category-ankuendigungen"],"_links":{"self":[{"href":"http:\/\/www.westerwaldverein-daaden.de\/blog\/wp-json\/wp\/v2\/posts\/3783","targetHints":{"allow":["GET"]}}],"collection":[{"href":"http:\/\/www.westerwaldverein-daaden.de\/blog\/wp-json\/wp\/v2\/posts"}],"about":[{"href":"http:\/\/www.westerwaldverein-daaden.de\/blog\/wp-json\/wp\/v2\/types\/post"}],"author":[{"embeddable":true,"href":"http:\/\/www.westerwaldverein-daaden.de\/blog\/wp-json\/wp\/v2\/users\/2"}],"replies":[{"embeddable":true,"href":"http:\/\/www.westerwaldverein-daaden.de\/blog\/wp-json\/wp\/v2\/comments?post=3783"}],"version-history":[{"count":1,"href":"http:\/\/www.westerwaldverein-daaden.de\/blog\/wp-json\/wp\/v2\/posts\/3783\/revisions"}],"predecessor-version":[{"id":3784,"href":"http:\/\/www.westerwaldverein-daaden.de\/blog\/wp-json\/wp\/v2\/posts\/3783\/revisions\/3784"}],"wp:attachment":[{"href":"http:\/\/www.westerwaldverein-daaden.de\/blog\/wp-json\/wp\/v2\/media?parent=3783"}],"wp:term":[{"taxonomy":"category","embeddable":true,"href":"http:\/\/www.westerwaldverein-daaden.de\/blog\/wp-json\/wp\/v2\/categories?post=3783"},{"taxonomy":"post_tag","embeddable":true,"href":"http:\/\/www.westerwaldverein-daaden.de\/blog\/wp-json\/wp\/v2\/tags?post=3783"}],"curies":[{"name":"wp","href":"https:\/\/api.w.org\/{rel}","templated":true}]}}