{"id":3786,"date":"2023-01-23T11:05:43","date_gmt":"2023-01-23T10:05:43","guid":{"rendered":"http:\/\/www.westerwaldverein-daaden.de\/blog\/?p=3786"},"modified":"2023-01-23T11:26:04","modified_gmt":"2023-01-23T10:26:04","slug":"winterwanderung-des-westerwaldverein-daaden-2","status":"publish","type":"post","link":"http:\/\/www.westerwaldverein-daaden.de\/blog\/2023\/01\/23\/winterwanderung-des-westerwaldverein-daaden-2\/","title":{"rendered":"Winterwanderung des Westerwaldverein Daaden"},"content":{"rendered":"<p>Am <strong>Samstag, 04.02.2023<\/strong> erwartet Sie eine Wanderung im Bereich Daaden und Herdorf.<\/p>\n<p>Die L\u00e4nge der Wanderung betr\u00e4gt 9 Kilometer, welche mit ca. 230&nbsp;H\u00f6hen&shy;metern leicht zu bew\u00e4ltigen ist. Die Wanderzeit dazu betr\u00e4gt ca. 3&nbsp;Stunden.<\/p>\n<div class=\"center\">\n<img decoding=\"async\" src=\"http:\/\/www.westerwaldverein-daaden.de\/blog\/wp-content\/uploads\/2023\/01\/2023-01-21-WWV-Winterwanderung.jpg\" alt=\"Winterwanderung\" \/>\n<\/div>\n<p>Auf den H\u00f6henwegen der Kuckuckseiche, Hachenburger H\u00f6he, dem Kohlenberg sowie dem Igelshahn k\u00f6nnen wir die sch\u00f6nen Ausblicke in die Landschaft genie\u00dfen.<\/p>\n<p><strong>Wichtig !! : Festes Schuhwerk <\/strong><\/p>\n<p><strong>Hinweis:<\/strong><br \/>\nDie Wanderung findet bei jedem Wetter statt und die Teilnahme an der Wanderung erfolgt auf eigene Gefahr. Veranstalter der Wanderung ist der Westerwald-Verein Daaden e.V. \u201eNicht-Mitglieder\u201c des Westerwald-Verein e.V. sind herzlich willkommen.<br \/>\nDer Westerwald-Verein und seine Wanderf\u00fchrer \u00fcbernehmen keine Haftung bei etwaigen Unf\u00e4llen, Personen- oder Sachsch\u00e4den, Verlusten oder Versp\u00e4tungen.<\/p>\n<p>Leitung: Michael Bender<br \/>\nTel.: 02743\/1205<\/p>\n<p>Uhrzeit\/Treffpunkt: 13.30 Uhr, 57567 Daaden Parkplatz\/Festplatz (N\u00e4he Bahnhof) Navigationsger\u00e4t: Daaden, Bahnhofstr. 6<br \/>\nVeranstalter: Westerwald-Verein Daaden e.V.<br \/>\nKontakt: <a href=\"mailto:vorstand@westerwaldverein-daaden.de\">vorstand@westerwaldverein-daaden.de<\/a> <\/p>\n","protected":false},"excerpt":{"rendered":"<p>Am Samstag, 04.02.2023 erwartet Sie eine Wanderung im Bereich Daaden und Herdorf. Die L\u00e4nge der Wanderung betr\u00e4gt 9 Kilometer, welche mit ca. 230&nbsp;H\u00f6hen&shy;metern leicht zu bew\u00e4ltigen ist. Die Wanderzeit dazu betr\u00e4gt ca. 3&nbsp;Stunden. Auf den H\u00f6henwegen der Kuckuckseiche, Hachenburger H\u00f6he, dem Kohlenberg sowie dem Igelshahn k\u00f6nnen wir die sch\u00f6nen Ausblicke in die Landschaft genie\u00dfen. Wichtig [&hellip;]<\/p>\n","protected":false},"author":2,"featured_media":0,"comment_status":"closed","ping_status":"closed","sticky":false,"template":"","format":"standard","meta":{"footnotes":""},"categories":[2],"tags":[],"class_list":["post-3786","post","type-post","status-publish","format-standard","hentry","category-ankuendigungen"],"_links":{"self":[{"href":"http:\/\/www.westerwaldverein-daaden.de\/blog\/wp-json\/wp\/v2\/posts\/3786","targetHints":{"allow":["GET"]}}],"collection":[{"href":"http:\/\/www.westerwaldverein-daaden.de\/blog\/wp-json\/wp\/v2\/posts"}],"about":[{"href":"http:\/\/www.westerwaldverein-daaden.de\/blog\/wp-json\/wp\/v2\/types\/post"}],"author":[{"embeddable":true,"href":"http:\/\/www.westerwaldverein-daaden.de\/blog\/wp-json\/wp\/v2\/users\/2"}],"replies":[{"embeddable":true,"href":"http:\/\/www.westerwaldverein-daaden.de\/blog\/wp-json\/wp\/v2\/comments?post=3786"}],"version-history":[{"count":3,"href":"http:\/\/www.westerwaldverein-daaden.de\/blog\/wp-json\/wp\/v2\/posts\/3786\/revisions"}],"predecessor-version":[{"id":3798,"href":"http:\/\/www.westerwaldverein-daaden.de\/blog\/wp-json\/wp\/v2\/posts\/3786\/revisions\/3798"}],"wp:attachment":[{"href":"http:\/\/www.westerwaldverein-daaden.de\/blog\/wp-json\/wp\/v2\/media?parent=3786"}],"wp:term":[{"taxonomy":"category","embeddable":true,"href":"http:\/\/www.westerwaldverein-daaden.de\/blog\/wp-json\/wp\/v2\/categories?post=3786"},{"taxonomy":"post_tag","embeddable":true,"href":"http:\/\/www.westerwaldverein-daaden.de\/blog\/wp-json\/wp\/v2\/tags?post=3786"}],"curies":[{"name":"wp","href":"https:\/\/api.w.org\/{rel}","templated":true}]}}