{"id":3811,"date":"2023-02-07T08:18:30","date_gmt":"2023-02-07T07:18:30","guid":{"rendered":"http:\/\/www.westerwaldverein-daaden.de\/blog\/?p=3811"},"modified":"2023-02-07T08:19:32","modified_gmt":"2023-02-07T07:19:32","slug":"winterwanderung-des-westerwaldverein-daaden-3","status":"publish","type":"post","link":"http:\/\/www.westerwaldverein-daaden.de\/blog\/2023\/02\/07\/winterwanderung-des-westerwaldverein-daaden-3\/","title":{"rendered":"Winterwanderung des Westerwaldverein-Daaden"},"content":{"rendered":"<p>Bei sch\u00f6nem Wanderwetter erlebten die 29 Teilnehmer der Winterwanderung am Samstag, den 4.2.2023 eine Wanderung, die durch eine sch\u00f6ne Landschaft mit wundersch\u00f6nen Aussichten f\u00fchrte. Nach einer langen Wetterphase ohne viel Sonne und reichlich Niederschlag begr\u00fc\u00dfte die Sonne die Wanderer auf der neun Kilometer langen Wanderung, die mit ca. 220 H\u00f6henmetern von allen Teilnehmern leicht zu bew\u00e4ltigen war. <\/p>\n<div class=\"center\"><a href=\"http:\/\/www.westerwaldverein-daaden.de\/blog\/wp-content\/uploads\/2023\/02\/WWV_04_02_23.jpg\" data-rel=\"lightbox-gallery-J5tPPE1P\" data-rl_title=\"\" data-rl_caption=\"\" title=\"\"><img loading=\"lazy\" decoding=\"async\" src=\"http:\/\/www.westerwaldverein-daaden.de\/blog\/wp-content\/uploads\/2023\/02\/WWV_04_02_23-400x267.jpg\" alt=\"\" width=\"400\" height=\"267\" class=\"alignnone size-medium wp-image-3812\" srcset=\"http:\/\/www.westerwaldverein-daaden.de\/blog\/wp-content\/uploads\/2023\/02\/WWV_04_02_23-400x267.jpg 400w, http:\/\/www.westerwaldverein-daaden.de\/blog\/wp-content\/uploads\/2023\/02\/WWV_04_02_23-768x512.jpg 768w, http:\/\/www.westerwaldverein-daaden.de\/blog\/wp-content\/uploads\/2023\/02\/WWV_04_02_23.jpg 800w\" sizes=\"auto, (max-width: 400px) 100vw, 400px\" \/><\/a><\/div>\n<p>Auf den H\u00f6henwegen der Kuckuckseiche, Hachenburger H\u00f6he, dem Kohlenberg sowie dem Igelshahn konnten die Teilnehmer die sch\u00f6nen Ausblicke in die Landschaft genie\u00dfen. Wanderf\u00fchrer Michael Bender hatte diese Tour vorbereitet und konnte den Teilnehmern auch viel Wissenswertes \u00fcber die Besonderheiten der Landschaft und der Region vermitteln.<\/p>\n","protected":false},"excerpt":{"rendered":"<p>Bei sch\u00f6nem Wanderwetter erlebten die 29 Teilnehmer der Winterwanderung am Samstag, den 4.2.2023 eine Wanderung, die durch eine sch\u00f6ne Landschaft mit wundersch\u00f6nen Aussichten f\u00fchrte. Nach einer langen Wetterphase ohne viel Sonne und reichlich Niederschlag begr\u00fc\u00dfte die Sonne die Wanderer auf der neun Kilometer langen Wanderung, die mit ca. 220 H\u00f6henmetern von allen Teilnehmern leicht zu [&hellip;]<\/p>\n","protected":false},"author":2,"featured_media":0,"comment_status":"closed","ping_status":"closed","sticky":false,"template":"","format":"standard","meta":{"footnotes":""},"categories":[5],"tags":[],"class_list":["post-3811","post","type-post","status-publish","format-standard","hentry","category-wanderungen"],"_links":{"self":[{"href":"http:\/\/www.westerwaldverein-daaden.de\/blog\/wp-json\/wp\/v2\/posts\/3811","targetHints":{"allow":["GET"]}}],"collection":[{"href":"http:\/\/www.westerwaldverein-daaden.de\/blog\/wp-json\/wp\/v2\/posts"}],"about":[{"href":"http:\/\/www.westerwaldverein-daaden.de\/blog\/wp-json\/wp\/v2\/types\/post"}],"author":[{"embeddable":true,"href":"http:\/\/www.westerwaldverein-daaden.de\/blog\/wp-json\/wp\/v2\/users\/2"}],"replies":[{"embeddable":true,"href":"http:\/\/www.westerwaldverein-daaden.de\/blog\/wp-json\/wp\/v2\/comments?post=3811"}],"version-history":[{"count":2,"href":"http:\/\/www.westerwaldverein-daaden.de\/blog\/wp-json\/wp\/v2\/posts\/3811\/revisions"}],"predecessor-version":[{"id":3814,"href":"http:\/\/www.westerwaldverein-daaden.de\/blog\/wp-json\/wp\/v2\/posts\/3811\/revisions\/3814"}],"wp:attachment":[{"href":"http:\/\/www.westerwaldverein-daaden.de\/blog\/wp-json\/wp\/v2\/media?parent=3811"}],"wp:term":[{"taxonomy":"category","embeddable":true,"href":"http:\/\/www.westerwaldverein-daaden.de\/blog\/wp-json\/wp\/v2\/categories?post=3811"},{"taxonomy":"post_tag","embeddable":true,"href":"http:\/\/www.westerwaldverein-daaden.de\/blog\/wp-json\/wp\/v2\/tags?post=3811"}],"curies":[{"name":"wp","href":"https:\/\/api.w.org\/{rel}","templated":true}]}}