{"id":3852,"date":"2023-04-15T11:19:17","date_gmt":"2023-04-15T10:19:17","guid":{"rendered":"http:\/\/www.westerwaldverein-daaden.de\/blog\/?p=3852"},"modified":"2023-04-15T11:19:17","modified_gmt":"2023-04-15T10:19:17","slug":"seniorengruppe-wandert-im-bereich-kleines-dreilaender-eck","status":"publish","type":"post","link":"http:\/\/www.westerwaldverein-daaden.de\/blog\/2023\/04\/15\/seniorengruppe-wandert-im-bereich-kleines-dreilaender-eck\/","title":{"rendered":"Seniorengruppe wandert im Bereich \u201eKleines Dreil\u00e4nder-Eck\u201c"},"content":{"rendered":"<p>Da wo die Bundesl\u00e4nder Rheinland-Pfalz, Nordrhein Westfalen und Hessen aneinander sto\u00dfen wird die n\u00e4chste Wanderung der Seniorengruppe vom Westerwald-Verein Daaden stattfinden. Ausgangspunkt ist der Parkplatz am Siegerland Flugplatz, von dem aus Wanderf\u00fchrer Gerhard G\u00f6rg die rund 6 Kilometer lange Rundtour ins Gebiet von Liebenscheid und zur\u00fcck f\u00fchrt. <\/p>\n<p>Der Termin der Wanderung lt. Wanderplan 2023 musste aus besonderen Gr\u00fcnden vom 17. Mai auf <strong>Mittwoch, den 10. Mai<\/strong> vorverlegt werden. Die Wanderer treffen sich wie immer um <strong>13.30 Uhr<\/strong> am Parkplatz\/Festplatz in Daaden  oder um <strong>13.45 Uhr<\/strong> direkt am Flugplatz Siegerland. Zum Abschluss ist eine Einkehr vorgesehen. R\u00fcckfragen bitte an Gerhard G\u00f6rg, Tel.02743\/3403<\/p>\n","protected":false},"excerpt":{"rendered":"<p>Da wo die Bundesl\u00e4nder Rheinland-Pfalz, Nordrhein Westfalen und Hessen aneinander sto\u00dfen wird die n\u00e4chste Wanderung der Seniorengruppe vom Westerwald-Verein Daaden stattfinden. Ausgangspunkt ist der Parkplatz am Siegerland Flugplatz, von dem aus Wanderf\u00fchrer Gerhard G\u00f6rg die rund 6 Kilometer lange Rundtour ins Gebiet von Liebenscheid und zur\u00fcck f\u00fchrt. Der Termin der Wanderung lt. Wanderplan 2023 musste [&hellip;]<\/p>\n","protected":false},"author":2,"featured_media":0,"comment_status":"closed","ping_status":"closed","sticky":false,"template":"","format":"standard","meta":{"footnotes":""},"categories":[2],"tags":[],"class_list":["post-3852","post","type-post","status-publish","format-standard","hentry","category-ankuendigungen"],"_links":{"self":[{"href":"http:\/\/www.westerwaldverein-daaden.de\/blog\/wp-json\/wp\/v2\/posts\/3852","targetHints":{"allow":["GET"]}}],"collection":[{"href":"http:\/\/www.westerwaldverein-daaden.de\/blog\/wp-json\/wp\/v2\/posts"}],"about":[{"href":"http:\/\/www.westerwaldverein-daaden.de\/blog\/wp-json\/wp\/v2\/types\/post"}],"author":[{"embeddable":true,"href":"http:\/\/www.westerwaldverein-daaden.de\/blog\/wp-json\/wp\/v2\/users\/2"}],"replies":[{"embeddable":true,"href":"http:\/\/www.westerwaldverein-daaden.de\/blog\/wp-json\/wp\/v2\/comments?post=3852"}],"version-history":[{"count":1,"href":"http:\/\/www.westerwaldverein-daaden.de\/blog\/wp-json\/wp\/v2\/posts\/3852\/revisions"}],"predecessor-version":[{"id":3853,"href":"http:\/\/www.westerwaldverein-daaden.de\/blog\/wp-json\/wp\/v2\/posts\/3852\/revisions\/3853"}],"wp:attachment":[{"href":"http:\/\/www.westerwaldverein-daaden.de\/blog\/wp-json\/wp\/v2\/media?parent=3852"}],"wp:term":[{"taxonomy":"category","embeddable":true,"href":"http:\/\/www.westerwaldverein-daaden.de\/blog\/wp-json\/wp\/v2\/categories?post=3852"},{"taxonomy":"post_tag","embeddable":true,"href":"http:\/\/www.westerwaldverein-daaden.de\/blog\/wp-json\/wp\/v2\/tags?post=3852"}],"curies":[{"name":"wp","href":"https:\/\/api.w.org\/{rel}","templated":true}]}}