{"id":3855,"date":"2023-05-02T17:15:22","date_gmt":"2023-05-02T16:15:22","guid":{"rendered":"http:\/\/www.westerwaldverein-daaden.de\/blog\/?p=3855"},"modified":"2023-05-02T17:15:22","modified_gmt":"2023-05-02T16:15:22","slug":"heimatkundliche-wanderung-am-24-mai-2023","status":"publish","type":"post","link":"http:\/\/www.westerwaldverein-daaden.de\/blog\/2023\/05\/02\/heimatkundliche-wanderung-am-24-mai-2023\/","title":{"rendered":"Heimatkundliche Wanderung am 24.Mai 2023"},"content":{"rendered":"<p>Der Westerwaldverein Daaden f\u00fchrt am <strong>Mittwoch, dem 24. Mai 2023<\/strong> eine heimatkundliche Wanderung rund um <strong>Mauden<\/strong> durch. <strong>Treffpunkt ist um 13:30 Uhr auf dem Parkplatz bei der Rampe am Bahnhof in Daaden oder um 14:00 Uhr in Mauden an der Halle der Dachdeckerei Rosenkranz<\/strong>, an der ausreichend Parkpl\u00e4tze vorhanden sind. Die Halle liegt von Daaden aus kommend links am Ortsausgang Richtung Derschen und von Derschen kommend sofort rechts am Ortseingang.<\/p>\n<div class=\"center\"><img loading=\"lazy\" decoding=\"async\" src=\"http:\/\/www.westerwaldverein-daaden.de\/blog\/wp-content\/uploads\/2023\/05\/De-2020-09-16-Ansichten-vom-Allmerich-Foto-VR.jpg\" alt=\"\" width=\"400\" height=\"267\" class=\"alignnone size-full wp-image-3857\" \/><\/div>\n<p>Ilona Rosenkranz aus Mauden wird uns heimatkundliche Informationen \u00fcber Mauden und das dort fr\u00fcher lebende Rittergeschlecht geben. Zum Schluss der Wanderung gibt es eine \u00dcberraschungsbesichtigung und eine dazu passende Verk\u00f6stigung. Anschlie\u00dfend treffen wir uns zum Ausklang bei Kaffee und Kuchen im Maudener Dorfgemeinschaftshaus.<\/p>\n<p>Die Strecke betr\u00e4gt 5,2 km und bietet herausragende Panoramaaussichten auf Mauden, Derschen, Daaden und Emmerzhausen.<br \/>\n<strong>Die Wanderung ist offen f\u00fcr alle, und \u00fcber G\u00e4ste freuen wir uns ganz besonders!<\/strong><\/p>\n<div class=\"center\"><img loading=\"lazy\" decoding=\"async\" src=\"http:\/\/www.westerwaldverein-daaden.de\/blog\/wp-content\/uploads\/2023\/05\/Mauden-Wanderung-24.05.23-Markierung-382x400.jpg\" alt=\"\" width=\"382\" height=\"400\" class=\"alignnone size-medium wp-image-3856\" srcset=\"http:\/\/www.westerwaldverein-daaden.de\/blog\/wp-content\/uploads\/2023\/05\/Mauden-Wanderung-24.05.23-Markierung-382x400.jpg 382w, http:\/\/www.westerwaldverein-daaden.de\/blog\/wp-content\/uploads\/2023\/05\/Mauden-Wanderung-24.05.23-Markierung.jpg 400w\" sizes=\"auto, (max-width: 382px) 100vw, 382px\" \/><\/div>\n<p>Weil wir uns am Ende der Wanderung selbst um die Verpflegung k\u00fcmmern m\u00fcssen, bitten wir um <strong>Anmeldung bis zum Sonntag, 21. Mai 2023<\/strong> \u00fcber E-Mail oder Telefonnummer 02743 567 oder bei unserem Wanderf\u00fchrer Gerhard G\u00f6rg unter 02743 3403.<\/p>\n","protected":false},"excerpt":{"rendered":"<p>Der Westerwaldverein Daaden f\u00fchrt am Mittwoch, dem 24. Mai 2023 eine heimatkundliche Wanderung rund um Mauden durch. Treffpunkt ist um 13:30 Uhr auf dem Parkplatz bei der Rampe am Bahnhof in Daaden oder um 14:00 Uhr in Mauden an der Halle der Dachdeckerei Rosenkranz, an der ausreichend Parkpl\u00e4tze vorhanden sind. Die Halle liegt von Daaden [&hellip;]<\/p>\n","protected":false},"author":2,"featured_media":0,"comment_status":"closed","ping_status":"closed","sticky":false,"template":"","format":"standard","meta":{"footnotes":""},"categories":[2],"tags":[],"class_list":["post-3855","post","type-post","status-publish","format-standard","hentry","category-ankuendigungen"],"_links":{"self":[{"href":"http:\/\/www.westerwaldverein-daaden.de\/blog\/wp-json\/wp\/v2\/posts\/3855","targetHints":{"allow":["GET"]}}],"collection":[{"href":"http:\/\/www.westerwaldverein-daaden.de\/blog\/wp-json\/wp\/v2\/posts"}],"about":[{"href":"http:\/\/www.westerwaldverein-daaden.de\/blog\/wp-json\/wp\/v2\/types\/post"}],"author":[{"embeddable":true,"href":"http:\/\/www.westerwaldverein-daaden.de\/blog\/wp-json\/wp\/v2\/users\/2"}],"replies":[{"embeddable":true,"href":"http:\/\/www.westerwaldverein-daaden.de\/blog\/wp-json\/wp\/v2\/comments?post=3855"}],"version-history":[{"count":1,"href":"http:\/\/www.westerwaldverein-daaden.de\/blog\/wp-json\/wp\/v2\/posts\/3855\/revisions"}],"predecessor-version":[{"id":3858,"href":"http:\/\/www.westerwaldverein-daaden.de\/blog\/wp-json\/wp\/v2\/posts\/3855\/revisions\/3858"}],"wp:attachment":[{"href":"http:\/\/www.westerwaldverein-daaden.de\/blog\/wp-json\/wp\/v2\/media?parent=3855"}],"wp:term":[{"taxonomy":"category","embeddable":true,"href":"http:\/\/www.westerwaldverein-daaden.de\/blog\/wp-json\/wp\/v2\/categories?post=3855"},{"taxonomy":"post_tag","embeddable":true,"href":"http:\/\/www.westerwaldverein-daaden.de\/blog\/wp-json\/wp\/v2\/tags?post=3855"}],"curies":[{"name":"wp","href":"https:\/\/api.w.org\/{rel}","templated":true}]}}