{"id":3931,"date":"2023-11-13T21:44:49","date_gmt":"2023-11-13T20:44:49","guid":{"rendered":"http:\/\/www.westerwaldverein-daaden.de\/blog\/?p=3931"},"modified":"2023-11-13T21:44:49","modified_gmt":"2023-11-13T20:44:49","slug":"das-buchhellertal-ist-diesmal-ziel-der-seniorenwanderer","status":"publish","type":"post","link":"http:\/\/www.westerwaldverein-daaden.de\/blog\/2023\/11\/13\/das-buchhellertal-ist-diesmal-ziel-der-seniorenwanderer\/","title":{"rendered":"Das Buchhellertal ist diesmal Ziel der Seniorenwanderer"},"content":{"rendered":"<p>Am <strong>Mittwoch, dem 15. November 2023<\/strong> wandert die Seniorengruppe des Westerwald-Vereins Daaden von Burbach aus ins Buchhellertal. Wanderf\u00fchrer Gerhard G\u00f6rg hat diese ca. 6 Kilometer lange Wanderung vorbereitet und freut sich auf viele Wanderfreundinnen und Wanderfreunde, die seiner Einladung folgen. Schlussrast ist in der B\u00e4ckerei Rote in Burbach.<\/p>\n<p>Treffpunkt ist um <strong>13.30 Uhr<\/strong> am Parkplatz\/Festplatz in Daaden oder ca. 14.00 Uhr direkt in Burbach, N\u00e4he Bahnhof. R\u00fcckfragen bitte an Gerhard G\u00f6rg, Tel. 02743\/3403<\/p>\n","protected":false},"excerpt":{"rendered":"<p>Am Mittwoch, dem 15. November 2023 wandert die Seniorengruppe des Westerwald-Vereins Daaden von Burbach aus ins Buchhellertal. Wanderf\u00fchrer Gerhard G\u00f6rg hat diese ca. 6 Kilometer lange Wanderung vorbereitet und freut sich auf viele Wanderfreundinnen und Wanderfreunde, die seiner Einladung folgen. Schlussrast ist in der B\u00e4ckerei Rote in Burbach. Treffpunkt ist um 13.30 Uhr am Parkplatz\/Festplatz [&hellip;]<\/p>\n","protected":false},"author":2,"featured_media":0,"comment_status":"closed","ping_status":"closed","sticky":false,"template":"","format":"standard","meta":{"footnotes":""},"categories":[2],"tags":[],"class_list":["post-3931","post","type-post","status-publish","format-standard","hentry","category-ankuendigungen"],"_links":{"self":[{"href":"http:\/\/www.westerwaldverein-daaden.de\/blog\/wp-json\/wp\/v2\/posts\/3931","targetHints":{"allow":["GET"]}}],"collection":[{"href":"http:\/\/www.westerwaldverein-daaden.de\/blog\/wp-json\/wp\/v2\/posts"}],"about":[{"href":"http:\/\/www.westerwaldverein-daaden.de\/blog\/wp-json\/wp\/v2\/types\/post"}],"author":[{"embeddable":true,"href":"http:\/\/www.westerwaldverein-daaden.de\/blog\/wp-json\/wp\/v2\/users\/2"}],"replies":[{"embeddable":true,"href":"http:\/\/www.westerwaldverein-daaden.de\/blog\/wp-json\/wp\/v2\/comments?post=3931"}],"version-history":[{"count":1,"href":"http:\/\/www.westerwaldverein-daaden.de\/blog\/wp-json\/wp\/v2\/posts\/3931\/revisions"}],"predecessor-version":[{"id":3932,"href":"http:\/\/www.westerwaldverein-daaden.de\/blog\/wp-json\/wp\/v2\/posts\/3931\/revisions\/3932"}],"wp:attachment":[{"href":"http:\/\/www.westerwaldverein-daaden.de\/blog\/wp-json\/wp\/v2\/media?parent=3931"}],"wp:term":[{"taxonomy":"category","embeddable":true,"href":"http:\/\/www.westerwaldverein-daaden.de\/blog\/wp-json\/wp\/v2\/categories?post=3931"},{"taxonomy":"post_tag","embeddable":true,"href":"http:\/\/www.westerwaldverein-daaden.de\/blog\/wp-json\/wp\/v2\/tags?post=3931"}],"curies":[{"name":"wp","href":"https:\/\/api.w.org\/{rel}","templated":true}]}}