{"id":4131,"date":"2024-09-22T19:30:10","date_gmt":"2024-09-22T18:30:10","guid":{"rendered":"http:\/\/www.westerwaldverein-daaden.de\/blog\/?p=4131"},"modified":"2024-09-22T19:39:57","modified_gmt":"2024-09-22T18:39:57","slug":"wandern-und-fischessen-hatte-viel-zuspruch","status":"publish","type":"post","link":"http:\/\/www.westerwaldverein-daaden.de\/blog\/2024\/09\/22\/wandern-und-fischessen-hatte-viel-zuspruch\/","title":{"rendered":"Wandern und Fischessen hatte viel Zuspruch"},"content":{"rendered":"<p>Diesmal mussten die Wanderfreunde doch etwas weiter reisen um wie in jedem Jahr zum Anfang Herbst, eine Wanderung mit einem Fischessen zu beschlie\u00dfen. Wanderf\u00fchrer Gerhard G\u00f6rg hatte seine F\u00fchler ausgestreckt und ein sch\u00f6nes Fischrestaurant gefunden. Doch erst musste gewandert werden, diesmal war es eine rund 4 Kilometer lange Route im Bereich Kleinmaischeid. Es wurde bei bestem Wanderwetter eine sch\u00f6ne Rundtour, die allen gefallen hat. <\/p>\n<div class=\"center\">\n<img loading=\"lazy\" decoding=\"async\" src=\"http:\/\/www.westerwaldverein-daaden.de\/blog\/wp-content\/uploads\/2024\/09\/Fischessen_Kleinmaischeid_9.jpeg\" alt=\"\" width=\"400\" height=\"300\" class=\"alignnone size-full wp-image-4134\" \/>\n<\/div>\n<p><!--more--><br \/>\n<\/p>\n<div class=\"center\">\n<img loading=\"lazy\" decoding=\"async\" src=\"http:\/\/www.westerwaldverein-daaden.de\/blog\/wp-content\/uploads\/2024\/09\/Fischessen_Kleinmaischeid_7.jpeg\" alt=\"\" width=\"400\" height=\"300\" class=\"alignnone size-full wp-image-4133\" \/>\n<\/div>\n<p>Eine kurze Autofahrt war es nur bis zur Fischerh\u00fctte, wo sich die Wanderfreunde aus dem Daadener Land und aus Herdorf nun gem\u00fctlich niederlassen konnten. Wie man vernehmen konnte, hat es allen in der gem\u00fctlichen \u201eFischerh\u00fctte\u201c gut gefallen, die lange Anreise hat sich gelohnt und das Essen hat auch geschmeckt. <\/p>\n<div class=\"center\">\n<img loading=\"lazy\" decoding=\"async\" src=\"http:\/\/www.westerwaldverein-daaden.de\/blog\/wp-content\/uploads\/2024\/09\/Fischessen_Kleinmaischeid_4.jpeg\" alt=\"\" width=\"400\" height=\"300\" class=\"alignnone size-full wp-image-4132\" \/>\n<\/div>\n","protected":false},"excerpt":{"rendered":"<p>Diesmal mussten die Wanderfreunde doch etwas weiter reisen um wie in jedem Jahr zum Anfang Herbst, eine Wanderung mit einem Fischessen zu beschlie\u00dfen. Wanderf\u00fchrer Gerhard G\u00f6rg hatte seine F\u00fchler ausgestreckt und ein sch\u00f6nes Fischrestaurant gefunden. Doch erst musste gewandert werden, diesmal war es eine rund 4 Kilometer lange Route im Bereich Kleinmaischeid. Es wurde bei [&hellip;]<\/p>\n","protected":false},"author":2,"featured_media":0,"comment_status":"closed","ping_status":"closed","sticky":false,"template":"","format":"standard","meta":{"footnotes":""},"categories":[5],"tags":[],"class_list":["post-4131","post","type-post","status-publish","format-standard","hentry","category-wanderungen"],"_links":{"self":[{"href":"http:\/\/www.westerwaldverein-daaden.de\/blog\/wp-json\/wp\/v2\/posts\/4131","targetHints":{"allow":["GET"]}}],"collection":[{"href":"http:\/\/www.westerwaldverein-daaden.de\/blog\/wp-json\/wp\/v2\/posts"}],"about":[{"href":"http:\/\/www.westerwaldverein-daaden.de\/blog\/wp-json\/wp\/v2\/types\/post"}],"author":[{"embeddable":true,"href":"http:\/\/www.westerwaldverein-daaden.de\/blog\/wp-json\/wp\/v2\/users\/2"}],"replies":[{"embeddable":true,"href":"http:\/\/www.westerwaldverein-daaden.de\/blog\/wp-json\/wp\/v2\/comments?post=4131"}],"version-history":[{"count":2,"href":"http:\/\/www.westerwaldverein-daaden.de\/blog\/wp-json\/wp\/v2\/posts\/4131\/revisions"}],"predecessor-version":[{"id":4136,"href":"http:\/\/www.westerwaldverein-daaden.de\/blog\/wp-json\/wp\/v2\/posts\/4131\/revisions\/4136"}],"wp:attachment":[{"href":"http:\/\/www.westerwaldverein-daaden.de\/blog\/wp-json\/wp\/v2\/media?parent=4131"}],"wp:term":[{"taxonomy":"category","embeddable":true,"href":"http:\/\/www.westerwaldverein-daaden.de\/blog\/wp-json\/wp\/v2\/categories?post=4131"},{"taxonomy":"post_tag","embeddable":true,"href":"http:\/\/www.westerwaldverein-daaden.de\/blog\/wp-json\/wp\/v2\/tags?post=4131"}],"curies":[{"name":"wp","href":"https:\/\/api.w.org\/{rel}","templated":true}]}}