{"id":4140,"date":"2024-10-04T20:31:30","date_gmt":"2024-10-04T19:31:30","guid":{"rendered":"http:\/\/www.westerwaldverein-daaden.de\/blog\/?p=4140"},"modified":"2024-10-04T20:31:30","modified_gmt":"2024-10-04T19:31:30","slug":"seniorengruppe-wandert-auf-dem-hohen-westerwald","status":"publish","type":"post","link":"http:\/\/www.westerwaldverein-daaden.de\/blog\/2024\/10\/04\/seniorengruppe-wandert-auf-dem-hohen-westerwald\/","title":{"rendered":"Seniorengruppe wandert auf dem hohen Westerwald"},"content":{"rendered":"<p>Die n\u00e4chste Wanderung der Seniorengruppe findet am <strong>Mittwoch, 16. Oktober 2024<\/strong> statt. Die Tour f\u00fchrt diesmal wieder auf den hohen Westerwald und ist ca. 5 Kilometer lang. Zehnhausen, Emmerichenhain und die Breitenbach-Talsperre sind Stationen der Rundtour. Treffpunkt und Start zur Wanderung ist um 14.00 Uhr in Waigandshain am Parkplatz am Friedhof.<\/p>\n<p>Nat\u00fcrlich beendet eine Schlussrast in einem Cafe wieder diese Wanderung, diesmal in Rehe. <\/p>\n<p><strong>Treffpunkt zur Abfahrt in Herdorf um 13.00 Uhr, in Daaden am Parkplatz\/Festplatz um 13.30 Uhr. <\/strong><br \/>\nR\u00fcckfragen bitte an Wanderf\u00fchrer Gerhard G\u00f6rg, Tel. 027843\/3403<\/p>\n","protected":false},"excerpt":{"rendered":"<p>Die n\u00e4chste Wanderung der Seniorengruppe findet am Mittwoch, 16. Oktober 2024 statt. Die Tour f\u00fchrt diesmal wieder auf den hohen Westerwald und ist ca. 5 Kilometer lang. Zehnhausen, Emmerichenhain und die Breitenbach-Talsperre sind Stationen der Rundtour. Treffpunkt und Start zur Wanderung ist um 14.00 Uhr in Waigandshain am Parkplatz am Friedhof. Nat\u00fcrlich beendet eine Schlussrast [&hellip;]<\/p>\n","protected":false},"author":2,"featured_media":0,"comment_status":"closed","ping_status":"closed","sticky":false,"template":"","format":"standard","meta":{"footnotes":""},"categories":[2],"tags":[],"class_list":["post-4140","post","type-post","status-publish","format-standard","hentry","category-ankuendigungen"],"_links":{"self":[{"href":"http:\/\/www.westerwaldverein-daaden.de\/blog\/wp-json\/wp\/v2\/posts\/4140","targetHints":{"allow":["GET"]}}],"collection":[{"href":"http:\/\/www.westerwaldverein-daaden.de\/blog\/wp-json\/wp\/v2\/posts"}],"about":[{"href":"http:\/\/www.westerwaldverein-daaden.de\/blog\/wp-json\/wp\/v2\/types\/post"}],"author":[{"embeddable":true,"href":"http:\/\/www.westerwaldverein-daaden.de\/blog\/wp-json\/wp\/v2\/users\/2"}],"replies":[{"embeddable":true,"href":"http:\/\/www.westerwaldverein-daaden.de\/blog\/wp-json\/wp\/v2\/comments?post=4140"}],"version-history":[{"count":1,"href":"http:\/\/www.westerwaldverein-daaden.de\/blog\/wp-json\/wp\/v2\/posts\/4140\/revisions"}],"predecessor-version":[{"id":4141,"href":"http:\/\/www.westerwaldverein-daaden.de\/blog\/wp-json\/wp\/v2\/posts\/4140\/revisions\/4141"}],"wp:attachment":[{"href":"http:\/\/www.westerwaldverein-daaden.de\/blog\/wp-json\/wp\/v2\/media?parent=4140"}],"wp:term":[{"taxonomy":"category","embeddable":true,"href":"http:\/\/www.westerwaldverein-daaden.de\/blog\/wp-json\/wp\/v2\/categories?post=4140"},{"taxonomy":"post_tag","embeddable":true,"href":"http:\/\/www.westerwaldverein-daaden.de\/blog\/wp-json\/wp\/v2\/tags?post=4140"}],"curies":[{"name":"wp","href":"https:\/\/api.w.org\/{rel}","templated":true}]}}