{"id":4172,"date":"2024-11-24T11:51:37","date_gmt":"2024-11-24T10:51:37","guid":{"rendered":"http:\/\/www.westerwaldverein-daaden.de\/blog\/?p=4172"},"modified":"2024-11-24T11:54:08","modified_gmt":"2024-11-24T10:54:08","slug":"statt-einer-herbstwanderung-wurde-es-eine-winterwanderung","status":"publish","type":"post","link":"http:\/\/www.westerwaldverein-daaden.de\/blog\/2024\/11\/24\/statt-einer-herbstwanderung-wurde-es-eine-winterwanderung\/","title":{"rendered":"Statt einer Herbstwanderung wurde es eine Winterwanderung"},"content":{"rendered":"<p>Angek\u00fcndigt als eine Wanderung in sch\u00f6ner Herbstlandschaft, wurde die Wanderung der Daadener Seniorengruppe am letzten Mittwoch rund um Elkenroth zu einer Winterwanderung. Denn wer h\u00e4tte gedacht, dass gerade an diesem Novembertag der erste Schnee Einzug h\u00e4lt. Elf Wanderfreunde vom Westerwald-Verein Daaden waren soeben auf ihrer Rundtour, als schon leichter Schneefall einsetzte. Auf der H\u00f6he von Elkenroth ist es nat\u00fcrlich auch nicht ungew\u00f6hnlich, wenn der Schnee dann liegen bleibt.<\/p>\n<div class=\"center\">\n<img loading=\"lazy\" decoding=\"async\" src=\"http:\/\/www.westerwaldverein-daaden.de\/blog\/wp-content\/uploads\/2024\/11\/Elkenroth_1.jpeg\" alt=\"\" width=\"400\" height=\"300\" class=\"alignnone size-full wp-image-4173\" \/>\n<\/div>\n<p><!--more--><\/p>\n<div class=\"center\">\n<img loading=\"lazy\" decoding=\"async\" src=\"http:\/\/www.westerwaldverein-daaden.de\/blog\/wp-content\/uploads\/2024\/11\/Elkenroth_2.jpeg\" alt=\"\" width=\"400\" height=\"300\" class=\"alignnone size-full wp-image-4174\" \/>\n<\/div>\n<p><\/p>\n<div class=\"center\">\n<img loading=\"lazy\" decoding=\"async\" src=\"http:\/\/www.westerwaldverein-daaden.de\/blog\/wp-content\/uploads\/2024\/11\/Elkenroth_4.jpeg\" alt=\"\" width=\"400\" height=\"180\" class=\"alignnone size-full wp-image-4175\" \/>\n<\/div>\n<p>Als die Wandergruppe schlie\u00dflich zur Abschlussrast im Cafe eingetroffen war, wurde der Schneefall immer st\u00e4rker, sodass bei der Abfahrt schon eine ca. 5 cm starke Schneedecke die Elkenrother Landschaft in eine zauberhafte Winterlandschaft verwandelt hatte. Wieder war es ein gelungener Wandertag mit kleiner \u00dcberraschung.<\/p>\n","protected":false},"excerpt":{"rendered":"<p>Angek\u00fcndigt als eine Wanderung in sch\u00f6ner Herbstlandschaft, wurde die Wanderung der Daadener Seniorengruppe am letzten Mittwoch rund um Elkenroth zu einer Winterwanderung. Denn wer h\u00e4tte gedacht, dass gerade an diesem Novembertag der erste Schnee Einzug h\u00e4lt. Elf Wanderfreunde vom Westerwald-Verein Daaden waren soeben auf ihrer Rundtour, als schon leichter Schneefall einsetzte. Auf der H\u00f6he von [&hellip;]<\/p>\n","protected":false},"author":2,"featured_media":0,"comment_status":"closed","ping_status":"closed","sticky":false,"template":"","format":"standard","meta":{"footnotes":""},"categories":[5],"tags":[],"class_list":["post-4172","post","type-post","status-publish","format-standard","hentry","category-wanderungen"],"_links":{"self":[{"href":"http:\/\/www.westerwaldverein-daaden.de\/blog\/wp-json\/wp\/v2\/posts\/4172","targetHints":{"allow":["GET"]}}],"collection":[{"href":"http:\/\/www.westerwaldverein-daaden.de\/blog\/wp-json\/wp\/v2\/posts"}],"about":[{"href":"http:\/\/www.westerwaldverein-daaden.de\/blog\/wp-json\/wp\/v2\/types\/post"}],"author":[{"embeddable":true,"href":"http:\/\/www.westerwaldverein-daaden.de\/blog\/wp-json\/wp\/v2\/users\/2"}],"replies":[{"embeddable":true,"href":"http:\/\/www.westerwaldverein-daaden.de\/blog\/wp-json\/wp\/v2\/comments?post=4172"}],"version-history":[{"count":2,"href":"http:\/\/www.westerwaldverein-daaden.de\/blog\/wp-json\/wp\/v2\/posts\/4172\/revisions"}],"predecessor-version":[{"id":4181,"href":"http:\/\/www.westerwaldverein-daaden.de\/blog\/wp-json\/wp\/v2\/posts\/4172\/revisions\/4181"}],"wp:attachment":[{"href":"http:\/\/www.westerwaldverein-daaden.de\/blog\/wp-json\/wp\/v2\/media?parent=4172"}],"wp:term":[{"taxonomy":"category","embeddable":true,"href":"http:\/\/www.westerwaldverein-daaden.de\/blog\/wp-json\/wp\/v2\/categories?post=4172"},{"taxonomy":"post_tag","embeddable":true,"href":"http:\/\/www.westerwaldverein-daaden.de\/blog\/wp-json\/wp\/v2\/tags?post=4172"}],"curies":[{"name":"wp","href":"https:\/\/api.w.org\/{rel}","templated":true}]}}