{"id":4200,"date":"2024-12-30T10:39:53","date_gmt":"2024-12-30T09:39:53","guid":{"rendered":"http:\/\/www.westerwaldverein-daaden.de\/blog\/?p=4200"},"modified":"2024-12-30T10:39:53","modified_gmt":"2024-12-30T09:39:53","slug":"stadtwanderung-in-herdorf","status":"publish","type":"post","link":"http:\/\/www.westerwaldverein-daaden.de\/blog\/2024\/12\/30\/stadtwanderung-in-herdorf\/","title":{"rendered":"Stadtwanderung in Herdorf"},"content":{"rendered":"<p><strong>Die Tradition der Stadtwanderungen im St\u00e4dtchen Herdorf wird fortgef\u00fchrt.<\/strong><\/p>\n<p>Der Westerwald-Verein Daaden beginnt das Wanderjahr 2025 mit einer Rundwanderung im St\u00e4dtchen Herdorf. Diese Wanderung am <strong>Samstag, dem 11. Januar 2025 startet um 13.00 Uhr<\/strong> vom Parkplatz \u201eAlte H\u00fctte\u201c gegen\u00fcber vom Cafe Hehl in Herdorf. Die ca. 4 Kilometer lange Wanderung ist auch mit Rollator gut zu bew\u00e4ltigen. Auch G\u00e4ste sind herzlich eingeladen und Kinder im Kinderwagen k\u00f6nnen ebenfalls dabei sein. Im Anschluss an die Wanderung ist eine Einkehr bei Kaffee und Kuchen im Cafe Hehl vorgesehen. <\/p>\n<p>R\u00fcckfragen bitte an Heinz Lorenz, Tel.0244\/5124<\/p>\n","protected":false},"excerpt":{"rendered":"<p>Die Tradition der Stadtwanderungen im St\u00e4dtchen Herdorf wird fortgef\u00fchrt. Der Westerwald-Verein Daaden beginnt das Wanderjahr 2025 mit einer Rundwanderung im St\u00e4dtchen Herdorf. Diese Wanderung am Samstag, dem 11. Januar 2025 startet um 13.00 Uhr vom Parkplatz \u201eAlte H\u00fctte\u201c gegen\u00fcber vom Cafe Hehl in Herdorf. Die ca. 4 Kilometer lange Wanderung ist auch mit Rollator gut [&hellip;]<\/p>\n","protected":false},"author":2,"featured_media":0,"comment_status":"closed","ping_status":"closed","sticky":false,"template":"","format":"standard","meta":{"footnotes":""},"categories":[2],"tags":[],"class_list":["post-4200","post","type-post","status-publish","format-standard","hentry","category-ankuendigungen"],"_links":{"self":[{"href":"http:\/\/www.westerwaldverein-daaden.de\/blog\/wp-json\/wp\/v2\/posts\/4200","targetHints":{"allow":["GET"]}}],"collection":[{"href":"http:\/\/www.westerwaldverein-daaden.de\/blog\/wp-json\/wp\/v2\/posts"}],"about":[{"href":"http:\/\/www.westerwaldverein-daaden.de\/blog\/wp-json\/wp\/v2\/types\/post"}],"author":[{"embeddable":true,"href":"http:\/\/www.westerwaldverein-daaden.de\/blog\/wp-json\/wp\/v2\/users\/2"}],"replies":[{"embeddable":true,"href":"http:\/\/www.westerwaldverein-daaden.de\/blog\/wp-json\/wp\/v2\/comments?post=4200"}],"version-history":[{"count":1,"href":"http:\/\/www.westerwaldverein-daaden.de\/blog\/wp-json\/wp\/v2\/posts\/4200\/revisions"}],"predecessor-version":[{"id":4201,"href":"http:\/\/www.westerwaldverein-daaden.de\/blog\/wp-json\/wp\/v2\/posts\/4200\/revisions\/4201"}],"wp:attachment":[{"href":"http:\/\/www.westerwaldverein-daaden.de\/blog\/wp-json\/wp\/v2\/media?parent=4200"}],"wp:term":[{"taxonomy":"category","embeddable":true,"href":"http:\/\/www.westerwaldverein-daaden.de\/blog\/wp-json\/wp\/v2\/categories?post=4200"},{"taxonomy":"post_tag","embeddable":true,"href":"http:\/\/www.westerwaldverein-daaden.de\/blog\/wp-json\/wp\/v2\/tags?post=4200"}],"curies":[{"name":"wp","href":"https:\/\/api.w.org\/{rel}","templated":true}]}}