{"id":4257,"date":"2025-04-03T14:28:43","date_gmt":"2025-04-03T13:28:43","guid":{"rendered":"http:\/\/www.westerwaldverein-daaden.de\/blog\/?p=4257"},"modified":"2025-04-03T14:28:43","modified_gmt":"2025-04-03T13:28:43","slug":"rundwanderung-in-und-um-merkelbach","status":"publish","type":"post","link":"http:\/\/www.westerwaldverein-daaden.de\/blog\/2025\/04\/03\/rundwanderung-in-und-um-merkelbach\/","title":{"rendered":"Rundwanderung in und um Merkelbach"},"content":{"rendered":"<p>F\u00fcr die Seniorenwanderung des Westerwald-Vereins Daaden im April hat Gerhard G\u00f6rg wieder eine Wanderung mit Einkehr in und um Merkelbach f\u00fcr <strong>Mittwoch, 16. April<\/strong> vorbereitet. Diese wird rund 5,5 Kilometer lang sein und die Wanderfreunde werden (diesmal bei sch\u00f6nem Wanderwetter) auf flachen Wegen ein weiteres St\u00fcck Westerw\u00e4lder Landschaft erkunden. Zum Abschluss wird dann zu Kaffee und Kuchen in den Merkelbacher Hof eingekehrt.<\/p>\n<p><strong>Treffen um 13.00 Uhr am Parkplatz\/Festplatz in Daaden oder um ca. 13.30 Uhr direkt in Merkelbach. auf dem Parkplatz am Gemeindehaus.<\/strong> Herdorfer Wanderer treffen sich wie immer entsprechend fr\u00fcher.<\/p>\n<p>R\u00fcckfragen bitte an Wanderf\u00fchrer Gerhard G\u00f6rg, Tel. 02743\/3403<\/p>\n","protected":false},"excerpt":{"rendered":"<p>F\u00fcr die Seniorenwanderung des Westerwald-Vereins Daaden im April hat Gerhard G\u00f6rg wieder eine Wanderung mit Einkehr in und um Merkelbach f\u00fcr Mittwoch, 16. April vorbereitet. Diese wird rund 5,5 Kilometer lang sein und die Wanderfreunde werden (diesmal bei sch\u00f6nem Wanderwetter) auf flachen Wegen ein weiteres St\u00fcck Westerw\u00e4lder Landschaft erkunden. Zum Abschluss wird dann zu Kaffee [&hellip;]<\/p>\n","protected":false},"author":2,"featured_media":0,"comment_status":"closed","ping_status":"closed","sticky":false,"template":"","format":"standard","meta":{"footnotes":""},"categories":[2],"tags":[],"class_list":["post-4257","post","type-post","status-publish","format-standard","hentry","category-ankuendigungen"],"_links":{"self":[{"href":"http:\/\/www.westerwaldverein-daaden.de\/blog\/wp-json\/wp\/v2\/posts\/4257","targetHints":{"allow":["GET"]}}],"collection":[{"href":"http:\/\/www.westerwaldverein-daaden.de\/blog\/wp-json\/wp\/v2\/posts"}],"about":[{"href":"http:\/\/www.westerwaldverein-daaden.de\/blog\/wp-json\/wp\/v2\/types\/post"}],"author":[{"embeddable":true,"href":"http:\/\/www.westerwaldverein-daaden.de\/blog\/wp-json\/wp\/v2\/users\/2"}],"replies":[{"embeddable":true,"href":"http:\/\/www.westerwaldverein-daaden.de\/blog\/wp-json\/wp\/v2\/comments?post=4257"}],"version-history":[{"count":1,"href":"http:\/\/www.westerwaldverein-daaden.de\/blog\/wp-json\/wp\/v2\/posts\/4257\/revisions"}],"predecessor-version":[{"id":4258,"href":"http:\/\/www.westerwaldverein-daaden.de\/blog\/wp-json\/wp\/v2\/posts\/4257\/revisions\/4258"}],"wp:attachment":[{"href":"http:\/\/www.westerwaldverein-daaden.de\/blog\/wp-json\/wp\/v2\/media?parent=4257"}],"wp:term":[{"taxonomy":"category","embeddable":true,"href":"http:\/\/www.westerwaldverein-daaden.de\/blog\/wp-json\/wp\/v2\/categories?post=4257"},{"taxonomy":"post_tag","embeddable":true,"href":"http:\/\/www.westerwaldverein-daaden.de\/blog\/wp-json\/wp\/v2\/tags?post=4257"}],"curies":[{"name":"wp","href":"https:\/\/api.w.org\/{rel}","templated":true}]}}