{"id":4260,"date":"2025-04-30T16:17:43","date_gmt":"2025-04-30T15:17:43","guid":{"rendered":"http:\/\/www.westerwaldverein-daaden.de\/blog\/?p=4260"},"modified":"2025-04-30T16:17:43","modified_gmt":"2025-04-30T15:17:43","slug":"e-bike-tour-mit-dem-westerwald-verein-daaden-3","status":"publish","type":"post","link":"http:\/\/www.westerwaldverein-daaden.de\/blog\/2025\/04\/30\/e-bike-tour-mit-dem-westerwald-verein-daaden-3\/","title":{"rendered":"E-Bike-Tour mit dem Westerwald-Verein Daaden"},"content":{"rendered":"<p>Am <strong>Sonntag, dem 11. Mai 2025<\/strong> startet die Fr\u00fchlingsausfahrt, die erste E-Bike Tour in diesem Jahr mit Michael Bender im Bereich Daaden, Alsdorf und Herdorf. Die L\u00e4nge der Tour betr\u00e4gt ca. 40 Kilometer und ist leicht zu bew\u00e4ltigen.<\/p>\n<p>Auf den H\u00f6henwegen k\u00f6nnen wir sch\u00f6ne Ausblicke in die Landschaft genie\u00dfen.<\/p>\n<div class=\"center\"><img loading=\"lazy\" decoding=\"async\" src=\"http:\/\/www.westerwaldverein-daaden.de\/blog\/wp-content\/uploads\/2025\/04\/e-bike-tour-wald.jpg\" alt=\"\" width=\"420\" height=\"279\" class=\"alignnone size-full wp-image-4261\" srcset=\"http:\/\/www.westerwaldverein-daaden.de\/blog\/wp-content\/uploads\/2025\/04\/e-bike-tour-wald.jpg 420w, http:\/\/www.westerwaldverein-daaden.de\/blog\/wp-content\/uploads\/2025\/04\/e-bike-tour-wald-400x266.jpg 400w\" sizes=\"auto, (max-width: 420px) 100vw, 420px\" \/><\/div>\n<p><strong>Wichtig: Schutzhelm und voller Akku!<br \/>\nTreffpunkt ist um 13.00 Uhr am Parkplatz\/Festplatz (N\u00e4he Bahnhof) in Daaden.<\/strong><\/p>\n<p>Veranstalter: Westerwald-Verein Daaden e.V. &#8211; Navigationsger\u00e4t: Daaden, Bahnhofstr. 6<br \/>\nKontakt: <a href=\"mailto:vorstand@westerwaldverein-daaden.de\">vorstand@westerwaldverein-daaden.de<\/a><\/p>\n","protected":false},"excerpt":{"rendered":"<p>Am Sonntag, dem 11. Mai 2025 startet die Fr\u00fchlingsausfahrt, die erste E-Bike Tour in diesem Jahr mit Michael Bender im Bereich Daaden, Alsdorf und Herdorf. Die L\u00e4nge der Tour betr\u00e4gt ca. 40 Kilometer und ist leicht zu bew\u00e4ltigen. Auf den H\u00f6henwegen k\u00f6nnen wir sch\u00f6ne Ausblicke in die Landschaft genie\u00dfen. Wichtig: Schutzhelm und voller Akku! Treffpunkt [&hellip;]<\/p>\n","protected":false},"author":2,"featured_media":0,"comment_status":"closed","ping_status":"closed","sticky":false,"template":"","format":"standard","meta":{"footnotes":""},"categories":[2],"tags":[],"class_list":["post-4260","post","type-post","status-publish","format-standard","hentry","category-ankuendigungen"],"_links":{"self":[{"href":"http:\/\/www.westerwaldverein-daaden.de\/blog\/wp-json\/wp\/v2\/posts\/4260","targetHints":{"allow":["GET"]}}],"collection":[{"href":"http:\/\/www.westerwaldverein-daaden.de\/blog\/wp-json\/wp\/v2\/posts"}],"about":[{"href":"http:\/\/www.westerwaldverein-daaden.de\/blog\/wp-json\/wp\/v2\/types\/post"}],"author":[{"embeddable":true,"href":"http:\/\/www.westerwaldverein-daaden.de\/blog\/wp-json\/wp\/v2\/users\/2"}],"replies":[{"embeddable":true,"href":"http:\/\/www.westerwaldverein-daaden.de\/blog\/wp-json\/wp\/v2\/comments?post=4260"}],"version-history":[{"count":1,"href":"http:\/\/www.westerwaldverein-daaden.de\/blog\/wp-json\/wp\/v2\/posts\/4260\/revisions"}],"predecessor-version":[{"id":4262,"href":"http:\/\/www.westerwaldverein-daaden.de\/blog\/wp-json\/wp\/v2\/posts\/4260\/revisions\/4262"}],"wp:attachment":[{"href":"http:\/\/www.westerwaldverein-daaden.de\/blog\/wp-json\/wp\/v2\/media?parent=4260"}],"wp:term":[{"taxonomy":"category","embeddable":true,"href":"http:\/\/www.westerwaldverein-daaden.de\/blog\/wp-json\/wp\/v2\/categories?post=4260"},{"taxonomy":"post_tag","embeddable":true,"href":"http:\/\/www.westerwaldverein-daaden.de\/blog\/wp-json\/wp\/v2\/tags?post=4260"}],"curies":[{"name":"wp","href":"https:\/\/api.w.org\/{rel}","templated":true}]}}