{"id":4263,"date":"2025-04-30T16:20:09","date_gmt":"2025-04-30T15:20:09","guid":{"rendered":"http:\/\/www.westerwaldverein-daaden.de\/blog\/?p=4263"},"modified":"2025-04-30T16:20:09","modified_gmt":"2025-04-30T15:20:09","slug":"der-westerwald-verein-daaden-laedt-ein-zur-sonnenuntergangs-wanderung","status":"publish","type":"post","link":"http:\/\/www.westerwaldverein-daaden.de\/blog\/2025\/04\/30\/der-westerwald-verein-daaden-laedt-ein-zur-sonnenuntergangs-wanderung\/","title":{"rendered":"Der Westerwald-Verein Daaden l\u00e4dt ein zur Sonnenuntergangs-Wanderung"},"content":{"rendered":"<p>Am <strong>Mittwoch, dem 14. Mai 2025<\/strong> erwartet Sie, wenn das Wetter und der Himmel mitspielt, eine Wanderung im Licht der Abendsonne. Ein Erlebnis mit und in der sogenannten \u201eGoldenen Stunde\u201c, der Stunde vor dem Sonnenuntergang.<\/p>\n<p>Die L\u00e4nge der Wanderung betr\u00e4gt 5,6 Kilometer und ist auch leicht zu bew\u00e4ltigen.<\/p>\n<p>Die F\u00fchrung der Wanderung hat Michael Bender, Tel.: 02743\/1205<\/p>\n<div class=\"center\"><img loading=\"lazy\" decoding=\"async\" src=\"http:\/\/www.westerwaldverein-daaden.de\/blog\/wp-content\/uploads\/2025\/04\/goldene-stunde.jpg\" alt=\"\" width=\"420\" height=\"280\" class=\"alignnone size-full wp-image-4264\" srcset=\"http:\/\/www.westerwaldverein-daaden.de\/blog\/wp-content\/uploads\/2025\/04\/goldene-stunde.jpg 420w, http:\/\/www.westerwaldverein-daaden.de\/blog\/wp-content\/uploads\/2025\/04\/goldene-stunde-400x267.jpg 400w\" sizes=\"auto, (max-width: 420px) 100vw, 420px\" \/><\/div>\n<p><strong>Wichtig: Festes Schuhwerk!<br \/>\nTreffpunkt ist um 19.15 Uhr auf dem Wanderparkplatz an der H\u00fcllbuche.<\/strong><\/p>\n<p>Navigationsger\u00e4t: Wanderparkplatz H\u00fcllbuche<br \/>\nVeranstalter: Westerwald-Verein Daaden e.V.<br \/>\nKontakt: <a href=\"mailto:vorstand@westerwaldverein-daaden.de\">vorstand@westerwaldverein-daaden.de<\/a><\/p>\n","protected":false},"excerpt":{"rendered":"<p>Am Mittwoch, dem 14. Mai 2025 erwartet Sie, wenn das Wetter und der Himmel mitspielt, eine Wanderung im Licht der Abendsonne. Ein Erlebnis mit und in der sogenannten \u201eGoldenen Stunde\u201c, der Stunde vor dem Sonnenuntergang. Die L\u00e4nge der Wanderung betr\u00e4gt 5,6 Kilometer und ist auch leicht zu bew\u00e4ltigen. Die F\u00fchrung der Wanderung hat Michael Bender, [&hellip;]<\/p>\n","protected":false},"author":2,"featured_media":0,"comment_status":"closed","ping_status":"closed","sticky":false,"template":"","format":"standard","meta":{"footnotes":""},"categories":[2],"tags":[],"class_list":["post-4263","post","type-post","status-publish","format-standard","hentry","category-ankuendigungen"],"_links":{"self":[{"href":"http:\/\/www.westerwaldverein-daaden.de\/blog\/wp-json\/wp\/v2\/posts\/4263","targetHints":{"allow":["GET"]}}],"collection":[{"href":"http:\/\/www.westerwaldverein-daaden.de\/blog\/wp-json\/wp\/v2\/posts"}],"about":[{"href":"http:\/\/www.westerwaldverein-daaden.de\/blog\/wp-json\/wp\/v2\/types\/post"}],"author":[{"embeddable":true,"href":"http:\/\/www.westerwaldverein-daaden.de\/blog\/wp-json\/wp\/v2\/users\/2"}],"replies":[{"embeddable":true,"href":"http:\/\/www.westerwaldverein-daaden.de\/blog\/wp-json\/wp\/v2\/comments?post=4263"}],"version-history":[{"count":1,"href":"http:\/\/www.westerwaldverein-daaden.de\/blog\/wp-json\/wp\/v2\/posts\/4263\/revisions"}],"predecessor-version":[{"id":4265,"href":"http:\/\/www.westerwaldverein-daaden.de\/blog\/wp-json\/wp\/v2\/posts\/4263\/revisions\/4265"}],"wp:attachment":[{"href":"http:\/\/www.westerwaldverein-daaden.de\/blog\/wp-json\/wp\/v2\/media?parent=4263"}],"wp:term":[{"taxonomy":"category","embeddable":true,"href":"http:\/\/www.westerwaldverein-daaden.de\/blog\/wp-json\/wp\/v2\/categories?post=4263"},{"taxonomy":"post_tag","embeddable":true,"href":"http:\/\/www.westerwaldverein-daaden.de\/blog\/wp-json\/wp\/v2\/tags?post=4263"}],"curies":[{"name":"wp","href":"https:\/\/api.w.org\/{rel}","templated":true}]}}