{"id":4270,"date":"2025-05-04T17:56:09","date_gmt":"2025-05-04T16:56:09","guid":{"rendered":"http:\/\/www.westerwaldverein-daaden.de\/blog\/?p=4270"},"modified":"2025-05-04T17:56:52","modified_gmt":"2025-05-04T16:56:52","slug":"natur-und-kulturhistorische-wanderung","status":"publish","type":"post","link":"http:\/\/www.westerwaldverein-daaden.de\/blog\/2025\/05\/04\/natur-und-kulturhistorische-wanderung\/","title":{"rendered":"Natur- und Kulturhistorische Wanderung"},"content":{"rendered":"<p>Diese sehr sch\u00f6ne Wanderung am Samstag dem 26. April, hatte der Westerwald-Verein Daaden nicht als Natur- und Kulturhistorische Wanderung, sondern als &#8222;Naturkundliche Wanderung&#8220; in seinem Jahresprogramm ausgewiesen. Egal wie bezeichnet, sie f\u00fchrte somit nicht \u00fcber den Stegskopf, sondern rund um den H\u00f6llenkopf. Aber auch so konnten 25 Personen bei bestem Wanderwetter und Sonnenschein die Natur im Fr\u00fchling genie\u00dfen.<\/p>\n<div class=\"center\"><img loading=\"lazy\" decoding=\"async\" src=\"http:\/\/www.westerwaldverein-daaden.de\/blog\/wp-content\/uploads\/2025\/05\/nkw_2025-04-26_1.jpg\" alt=\"\" width=\"420\" height=\"315\" class=\"alignnone size-full wp-image-4271\" srcset=\"http:\/\/www.westerwaldverein-daaden.de\/blog\/wp-content\/uploads\/2025\/05\/nkw_2025-04-26_1.jpg 420w, http:\/\/www.westerwaldverein-daaden.de\/blog\/wp-content\/uploads\/2025\/05\/nkw_2025-04-26_1-400x300.jpg 400w\" sizes=\"auto, (max-width: 420px) 100vw, 420px\" \/><\/div>\n<p><!--more-->Die Wanderstrecke verlief zum Teil auf einem schmalen Pfad an dem hier noch kleinen Daadebach entlang und weiter durch den jungen Fr\u00fchlingswald, der mit den ersten, jedoch vielen Gr\u00fcnt\u00f6nen sch\u00f6n anzusehen war, bis hinauf auf 630m H\u00f6he zum H\u00f6llenkopf. Von dort hatte man eine weite Aussicht bis zum Siebengebirge, dem Bergischen Land und zum Sieger- und Sauerland. Bei der gebotenen klaren Weitsicht hatte man immerhin eine Sichtweite bis zirka 65 Kilometer. Dieser Ort hier am H\u00f6llenkopf, l\u00e4dt mit der jetzt neu aufgestellten Ruhebank und dem Tisch, alle Wanderfreunde zum gem\u00fctlichen Verweilen und einer Rast ein. <\/p>\n<div class=\"center\"><img loading=\"lazy\" decoding=\"async\" src=\"http:\/\/www.westerwaldverein-daaden.de\/blog\/wp-content\/uploads\/2025\/05\/nkw_2025-04-26_2.jpg\" alt=\"\" width=\"420\" height=\"303\" class=\"alignnone size-full wp-image-4272\" srcset=\"http:\/\/www.westerwaldverein-daaden.de\/blog\/wp-content\/uploads\/2025\/05\/nkw_2025-04-26_2.jpg 420w, http:\/\/www.westerwaldverein-daaden.de\/blog\/wp-content\/uploads\/2025\/05\/nkw_2025-04-26_2-400x289.jpg 400w\" sizes=\"auto, (max-width: 420px) 100vw, 420px\" \/><\/div>\n<p>Vom H\u00f6llenkopf verlief der Weg dann an der Daadequelle vorbei und es ging somit wieder zur\u00fcck zum Ausgangspunkt oberhalb von Emmerzhausen. Natur- und Kulturhistorische Erkl\u00e4rungen an einigen Haltepunkten durch Michael Bender haben die Wanderer gerne entgegen genommen. Alle f\u00fchlten sich bestens informiert und so wurde die Wanderung zu einem sch\u00f6nen Erlebnis mit Erholung f\u00fcr K\u00f6rper und Geist.<\/p>\n","protected":false},"excerpt":{"rendered":"<p>Diese sehr sch\u00f6ne Wanderung am Samstag dem 26. April, hatte der Westerwald-Verein Daaden nicht als Natur- und Kulturhistorische Wanderung, sondern als &#8222;Naturkundliche Wanderung&#8220; in seinem Jahresprogramm ausgewiesen. Egal wie bezeichnet, sie f\u00fchrte somit nicht \u00fcber den Stegskopf, sondern rund um den H\u00f6llenkopf. Aber auch so konnten 25 Personen bei bestem Wanderwetter und Sonnenschein die Natur [&hellip;]<\/p>\n","protected":false},"author":2,"featured_media":0,"comment_status":"closed","ping_status":"closed","sticky":false,"template":"","format":"standard","meta":{"footnotes":""},"categories":[5],"tags":[],"class_list":["post-4270","post","type-post","status-publish","format-standard","hentry","category-wanderungen"],"_links":{"self":[{"href":"http:\/\/www.westerwaldverein-daaden.de\/blog\/wp-json\/wp\/v2\/posts\/4270","targetHints":{"allow":["GET"]}}],"collection":[{"href":"http:\/\/www.westerwaldverein-daaden.de\/blog\/wp-json\/wp\/v2\/posts"}],"about":[{"href":"http:\/\/www.westerwaldverein-daaden.de\/blog\/wp-json\/wp\/v2\/types\/post"}],"author":[{"embeddable":true,"href":"http:\/\/www.westerwaldverein-daaden.de\/blog\/wp-json\/wp\/v2\/users\/2"}],"replies":[{"embeddable":true,"href":"http:\/\/www.westerwaldverein-daaden.de\/blog\/wp-json\/wp\/v2\/comments?post=4270"}],"version-history":[{"count":2,"href":"http:\/\/www.westerwaldverein-daaden.de\/blog\/wp-json\/wp\/v2\/posts\/4270\/revisions"}],"predecessor-version":[{"id":4274,"href":"http:\/\/www.westerwaldverein-daaden.de\/blog\/wp-json\/wp\/v2\/posts\/4270\/revisions\/4274"}],"wp:attachment":[{"href":"http:\/\/www.westerwaldverein-daaden.de\/blog\/wp-json\/wp\/v2\/media?parent=4270"}],"wp:term":[{"taxonomy":"category","embeddable":true,"href":"http:\/\/www.westerwaldverein-daaden.de\/blog\/wp-json\/wp\/v2\/categories?post=4270"},{"taxonomy":"post_tag","embeddable":true,"href":"http:\/\/www.westerwaldverein-daaden.de\/blog\/wp-json\/wp\/v2\/tags?post=4270"}],"curies":[{"name":"wp","href":"https:\/\/api.w.org\/{rel}","templated":true}]}}