{"id":4332,"date":"2025-08-01T11:28:14","date_gmt":"2025-08-01T10:28:14","guid":{"rendered":"http:\/\/www.westerwaldverein-daaden.de\/blog\/?p=4332"},"modified":"2025-08-01T11:28:14","modified_gmt":"2025-08-01T10:28:14","slug":"westerwald-verein-daaden-wandert-in-der-kroppacher-schweiz","status":"publish","type":"post","link":"http:\/\/www.westerwaldverein-daaden.de\/blog\/2025\/08\/01\/westerwald-verein-daaden-wandert-in-der-kroppacher-schweiz\/","title":{"rendered":"Westerwald-Verein Daaden wandert in der Kroppacher Schweiz"},"content":{"rendered":"<p>Wo die Kleine Nister sich mit der Nister vereinigt; dort in diesem Bereich hat Wanderf\u00fchrer Gerhard G\u00f6rg f\u00fcr <strong>Mittwoch, den 20. August 2025<\/strong> eine zirka 6 Kilometer lange Wanderung vorbereitet. Es ist sicher eine sch\u00f6ne Wanderroute in der Kroppacher Schweiz. Die Schlussrast ist dann bei leckeren Waffeln und Kaffee im <strong>Cafe Wilhelmsteg<\/strong>. Hierzu wird um Anmeldung bei Gerhard G\u00f6rg, 02743\/3403 bis Samstag, 16. August gebeten.<\/p>\n<p>Treffpunkt zur <strong>Abfahrt ist um 13.00 Uhr<\/strong> am Parkplatz\/Festplatz in Daaden. Auch G\u00e4stewanderer sind wieder herzlich eingeladen. R\u00fcckfragen bitte an Gerhard G\u00f6rg.<\/p>\n","protected":false},"excerpt":{"rendered":"<p>Wo die Kleine Nister sich mit der Nister vereinigt; dort in diesem Bereich hat Wanderf\u00fchrer Gerhard G\u00f6rg f\u00fcr Mittwoch, den 20. August 2025 eine zirka 6 Kilometer lange Wanderung vorbereitet. Es ist sicher eine sch\u00f6ne Wanderroute in der Kroppacher Schweiz. Die Schlussrast ist dann bei leckeren Waffeln und Kaffee im Cafe Wilhelmsteg. Hierzu wird um [&hellip;]<\/p>\n","protected":false},"author":2,"featured_media":0,"comment_status":"closed","ping_status":"closed","sticky":false,"template":"","format":"standard","meta":{"footnotes":""},"categories":[2],"tags":[],"class_list":["post-4332","post","type-post","status-publish","format-standard","hentry","category-ankuendigungen"],"_links":{"self":[{"href":"http:\/\/www.westerwaldverein-daaden.de\/blog\/wp-json\/wp\/v2\/posts\/4332","targetHints":{"allow":["GET"]}}],"collection":[{"href":"http:\/\/www.westerwaldverein-daaden.de\/blog\/wp-json\/wp\/v2\/posts"}],"about":[{"href":"http:\/\/www.westerwaldverein-daaden.de\/blog\/wp-json\/wp\/v2\/types\/post"}],"author":[{"embeddable":true,"href":"http:\/\/www.westerwaldverein-daaden.de\/blog\/wp-json\/wp\/v2\/users\/2"}],"replies":[{"embeddable":true,"href":"http:\/\/www.westerwaldverein-daaden.de\/blog\/wp-json\/wp\/v2\/comments?post=4332"}],"version-history":[{"count":1,"href":"http:\/\/www.westerwaldverein-daaden.de\/blog\/wp-json\/wp\/v2\/posts\/4332\/revisions"}],"predecessor-version":[{"id":4333,"href":"http:\/\/www.westerwaldverein-daaden.de\/blog\/wp-json\/wp\/v2\/posts\/4332\/revisions\/4333"}],"wp:attachment":[{"href":"http:\/\/www.westerwaldverein-daaden.de\/blog\/wp-json\/wp\/v2\/media?parent=4332"}],"wp:term":[{"taxonomy":"category","embeddable":true,"href":"http:\/\/www.westerwaldverein-daaden.de\/blog\/wp-json\/wp\/v2\/categories?post=4332"},{"taxonomy":"post_tag","embeddable":true,"href":"http:\/\/www.westerwaldverein-daaden.de\/blog\/wp-json\/wp\/v2\/tags?post=4332"}],"curies":[{"name":"wp","href":"https:\/\/api.w.org\/{rel}","templated":true}]}}