{"id":4335,"date":"2025-08-20T18:57:54","date_gmt":"2025-08-20T17:57:54","guid":{"rendered":"http:\/\/www.westerwaldverein-daaden.de\/blog\/?p=4335"},"modified":"2025-08-20T18:59:00","modified_gmt":"2025-08-20T17:59:00","slug":"westerwald-verein-daaden-wandert-auf-dem-mittelrhein-traumpfad","status":"publish","type":"post","link":"http:\/\/www.westerwaldverein-daaden.de\/blog\/2025\/08\/20\/westerwald-verein-daaden-wandert-auf-dem-mittelrhein-traumpfad\/","title":{"rendered":"Westerwald-Verein Daaden wandert auf dem Mittelrhein-Traumpfad"},"content":{"rendered":"<p>Die obligatorische Rheinwanderung hat Wanderf\u00fchrer Heinz Lorenz f\u00fcr <strong>Samstag, den 6. September 2025<\/strong> vorbereitet.<\/p>\n<div class=\"center\"><img loading=\"lazy\" decoding=\"async\" src=\"http:\/\/www.westerwaldverein-daaden.de\/blog\/wp-content\/uploads\/2025\/08\/traumpfad_mittelrhein_2025.jpg\" alt=\"\" width=\"420\" height=\"194\" class=\"alignnone size-full wp-image-4336\" srcset=\"http:\/\/www.westerwaldverein-daaden.de\/blog\/wp-content\/uploads\/2025\/08\/traumpfad_mittelrhein_2025.jpg 420w, http:\/\/www.westerwaldverein-daaden.de\/blog\/wp-content\/uploads\/2025\/08\/traumpfad_mittelrhein_2025-400x185.jpg 400w\" sizes=\"auto, (max-width: 420px) 100vw, 420px\" \/><\/div>\n<p>Eine wirklich sehr sch\u00f6ne Wanderung am Rheingoldbogen zum Bopparder Hamm mit herrlichen Panoramablicken ins Rheintal. Start der ca. 12,5 Kilometer langen Tour ist um <strong>9.30 Uhr in 56321 Brey<\/strong>, in der Rheingoldstra\u00dfe am Parkplatz mitten im Ort an der rechten Seite. Es geht von hier auf dem Traumpfad leicht leicht bergauf durch einen Mischwald, vorbei an Ausgrabungssch\u00e4chten einer r\u00f6mischen Wasserleitung. Immer noch leicht bergauf, aber mit sch\u00f6nen Ausblicken ins Rheintal und auf die Marksburg. Nach einer Rast gest\u00e4rkt durch eine kurze Trinkpause geht es dann weiter in Richtung Kloster Jakobsberg, wo sich heute ein Hotel (z.Zt. im Umbau) befindet. Hier ist dann die Mittagspause geplant, nat\u00fcrlich Leckeres aus dem Rucksack.<\/p>\n<p>Weiter wandern wir durch den Bopparder Hamm zur Marien-Kapelle und dann zum Parkplatz zur\u00fcck.<\/p>\n<p><strong>Treffpunkt zur Bildung von Fahrgemeinschaften ist um 8.00 Uhr am Knappensaal in Herdorf und um 8.15 Uhr in Daaden am Parkplatz\/Festplatz-N\u00e4he Bahnhof.<\/strong><\/p>\n<p>G\u00e4stewanderer und auch Nichtmitglieder sind herzlich zur Wanderung eingeladen. Eine Einkehr ist bei der R\u00fcckfahrt geplant.<\/p>\n<p>R\u00fcckfragen bitte an Heinz Lorenz, Tel. 02744\/5124.<\/p>\n","protected":false},"excerpt":{"rendered":"<p>Die obligatorische Rheinwanderung hat Wanderf\u00fchrer Heinz Lorenz f\u00fcr Samstag, den 6. September 2025 vorbereitet. Eine wirklich sehr sch\u00f6ne Wanderung am Rheingoldbogen zum Bopparder Hamm mit herrlichen Panoramablicken ins Rheintal. Start der ca. 12,5 Kilometer langen Tour ist um 9.30 Uhr in 56321 Brey, in der Rheingoldstra\u00dfe am Parkplatz mitten im Ort an der rechten Seite. [&hellip;]<\/p>\n","protected":false},"author":2,"featured_media":0,"comment_status":"closed","ping_status":"closed","sticky":false,"template":"","format":"standard","meta":{"footnotes":""},"categories":[2],"tags":[],"class_list":["post-4335","post","type-post","status-publish","format-standard","hentry","category-ankuendigungen"],"_links":{"self":[{"href":"http:\/\/www.westerwaldverein-daaden.de\/blog\/wp-json\/wp\/v2\/posts\/4335","targetHints":{"allow":["GET"]}}],"collection":[{"href":"http:\/\/www.westerwaldverein-daaden.de\/blog\/wp-json\/wp\/v2\/posts"}],"about":[{"href":"http:\/\/www.westerwaldverein-daaden.de\/blog\/wp-json\/wp\/v2\/types\/post"}],"author":[{"embeddable":true,"href":"http:\/\/www.westerwaldverein-daaden.de\/blog\/wp-json\/wp\/v2\/users\/2"}],"replies":[{"embeddable":true,"href":"http:\/\/www.westerwaldverein-daaden.de\/blog\/wp-json\/wp\/v2\/comments?post=4335"}],"version-history":[{"count":2,"href":"http:\/\/www.westerwaldverein-daaden.de\/blog\/wp-json\/wp\/v2\/posts\/4335\/revisions"}],"predecessor-version":[{"id":4338,"href":"http:\/\/www.westerwaldverein-daaden.de\/blog\/wp-json\/wp\/v2\/posts\/4335\/revisions\/4338"}],"wp:attachment":[{"href":"http:\/\/www.westerwaldverein-daaden.de\/blog\/wp-json\/wp\/v2\/media?parent=4335"}],"wp:term":[{"taxonomy":"category","embeddable":true,"href":"http:\/\/www.westerwaldverein-daaden.de\/blog\/wp-json\/wp\/v2\/categories?post=4335"},{"taxonomy":"post_tag","embeddable":true,"href":"http:\/\/www.westerwaldverein-daaden.de\/blog\/wp-json\/wp\/v2\/tags?post=4335"}],"curies":[{"name":"wp","href":"https:\/\/api.w.org\/{rel}","templated":true}]}}